{"id":26665,"date":"2023-09-08T15:48:29","date_gmt":"2023-09-08T18:48:29","guid":{"rendered":"https:\/\/chacosintesis.com.ar\/?p=26665"},"modified":"2023-09-08T16:07:59","modified_gmt":"2023-09-08T19:07:59","slug":"el-gobierno-inauguro-obras-en-el-departamento-bermejo-que-garantizan-acceso-a-derechos","status":"publish","type":"post","link":"https:\/\/chacosintesis.com.ar\/index.php\/el-gobierno-inauguro-obras-en-el-departamento-bermejo-que-garantizan-acceso-a-derechos\/","title":{"rendered":"El Gobierno inaugur\u00f3 obras en el Departamento Bermejo que garantizan acceso a derechos"},"content":{"rendered":"<div class=\"postie-post\">En La Leonesa fueron las obras del Hospital \u201cDoctor Alejandro Fleming\u201d, nosocomio de nivel III, adem\u00e1s de la refacci\u00f3n de la plaza central y un nuevo sal\u00f3n de usos m\u00faltiples. En Las Palmas, habilit\u00f3 las obras de refacci\u00f3n del CAPS y un sal\u00f3n parroquial.<br \/>\nContinuando con su agenda en el Departamento Bermejo, el gobernador Jorge Capitanich habilit\u00f3 las obras del Hospital \u201cDoctor Alejandro Fleming\u201d, de la Plaza Central \u201cSan Mart\u00edn\u201d y un nuevo Sal\u00f3n de Usos M\u00faltiples (SUM) en La Leonesa. Previamente en Las Palmas, inaugur\u00f3 las obras de refacci\u00f3n del Centro de Atenci\u00f3n Primaria de la Salud (CAPS) y el sal\u00f3n de la parroquia \u201cSanta Margarita\u201d.<br \/>\n\u201cEl departamento Bermejo ha tenido a partir de nuestra gesti\u00f3n una recuperaci\u00f3n hist\u00f3rica en materia de infraestructura para garantizar derechos y para crear una plataforma para su desarrollo\u201d, expres\u00f3 Capitanich, acompa\u00f1ado por la vicegobernadora Anal\u00eda Rach Quiroga el ministro de Planificaci\u00f3n, Econom\u00eda e Infraestructura, Santiago Perez Pons; la ministra de Salud, Carolina Centeno y los intendentes V\u00edctor Armella (Las Palmas) y Jos\u00e9 Carbajal (La Leonesa).<br \/>\nLa Leonesa<br \/>\nEn La Leonesa, Capitanich inaugur\u00f3 las obras de refacci\u00f3n y ampliaci\u00f3n del Hospital de nivel III \u201cDoctor Alejandro Fleming\u201d, que contaron con una inversi\u00f3n de $113.666.548 financiados por FONPLATA. En esta tercera etapa de obra inaugurada, se ampliaron dos bloques conectados a la guardia de Emergencias, que ser\u00e1n de diagn\u00f3stico, laboratorio y salas de internaci\u00f3n y servicios.<br \/>\nEl bloque de diagn\u00f3stico por im\u00e1genes cuenta con sala de espera, admisi\u00f3n, sala de rayos X, ecograf\u00eda, laboratorios de hematolog\u00eda y bacteriolog\u00eda y circulaciones conectoras. El conector desde la Guardia al bloque de internaci\u00f3n cuenta con oxigenoterapia, enfermer\u00eda, abasto limpio y sucio, sala de internaci\u00f3n y enfermer\u00eda aisladas, estar m\u00e9dico, estaci\u00f3n de enfermer\u00eda, ba\u00f1os, sala de partos, lavadero, cocina, entre otros servicios.<br \/>\nLa ministra Centeno record\u00f3 dos etapas anteriores de refacci\u00f3n del hospital, se\u00f1alando que esta tercera \u201ces la m\u00e1s importante, por el fortalecimiento del diagn\u00f3stico y del tratamiento\u201d. En ese sentido, destac\u00f3 que todas las inversiones apuntan \u201ca evitar o disminuir las derivaciones\u201d que antes hac\u00edan hacia el Hospital de la Hermandad Argentino-Paraguaya de Las Palmas. \u201cEn la provincia, las derivaciones no tienen que ver con una falta de capacidad resolutiva, sino con un aumento de la demanda a nivel del sector p\u00fablico de salud\u201d, argument\u00f3.<br \/>\nEl director del Hospital, Claudio Barrero, explic\u00f3 que previo a esta obra, se hab\u00edan realizado dos etapas previas: administrativa y la de guardias y emergencias y esta tercera, que es la m\u00e1s importante, tiene \u00e1rea de internaci\u00f3n y otros servicios con que no contaba el centro de salud, y con ello \u201cvamos  a cubrir las demandas de la comunidad\u201d, agreg\u00f3.<br \/>\nLuego, el mandatario inaugur\u00f3 las obras de refacci\u00f3n integral de la Plaza Central \u201cSan Mart\u00edn\u201d, que demandaron una inversi\u00f3n de $149.161.637 financiados por la cartera de Planificaci\u00f3n, Econom\u00eda e Infraestructura. Se realiz\u00f3 el cambio y redise\u00f1o de \u00e1reas de juegos de ni\u00f1os, \u00e1reas de ejercitadores, \u00e1reas de estar y sector central. Se agreg\u00f3 un nuevo n\u00facleo de ba\u00f1os, totalmente equipado. Se incorporaron adem\u00e1s nuevo mobiliario urbano, nuevas instalaciones el\u00e9ctricas y de desag\u00fce pluvial.<br \/>\nPor \u00faltimo, el gobernador inaugur\u00f3 en la localidad un nuevo sal\u00f3n de usos m\u00faltiples (SUM) en el barrio Belgrano, obra que demand\u00f3 60 millones de pesos y cont\u00f3 con financiamiento nacional a trav\u00e9s de la Secretar\u00eda de Integraci\u00f3n Socio Urbana (SISU), donde trabajaron 60 hombres y mujeres (cascos amarillos). Este SUM cuenta 300 metros cuadrados cubiertos, un play\u00f3n, vereda  y alambrado perimetral.<br \/>\nEn Las Palmas<br \/>\nCapitanich inaugur\u00f3 la remodelaci\u00f3n y refacci\u00f3n integral del Centro de Atenci\u00f3n Primaria de la Salud (CAPS) de Nivel III en Las Palmas, con una inversi\u00f3n del Ministerio de Planificaci\u00f3n, Econom\u00eda e Infraestructura de $89.226.352. En el lugar se realizaron trabajos en los accesos al CAPS, as\u00ed como la estructura edilicia, \u00e1reas de atenci\u00f3n m\u00e9dica como consultorios, m\u00faltiples oficinas (direcci\u00f3n estad\u00edstica), farmacia, vacunatorio, enfermer\u00eda, ba\u00f1os, dep\u00f3sito.<br \/>\n\u201cEs una obra de infraestructura absolutamente renovada, que nos permitir\u00e1 tener mejor calidad de atenci\u00f3n primaria de la salud\u201d, dijo Capitanich. El CAPS cuenta con 44 agentes y asiste a m\u00e1s de 2300 personas del barrio donde est\u00e1 ubicado y de zonas aleda\u00f1as.<br \/>\nTambi\u00e9n, Capitanich habilit\u00f3 la refacci\u00f3n del Sal\u00f3n de la parroquia \u201cSanta Margarita\u201d que demand\u00f3 una inversi\u00f3n de $38.073.884, donde se realiz\u00f3 la construcci\u00f3n de un sal\u00f3n destinado a actividades religiosas, que se complementa con un hall de acceso, una cocina de servicio para el sector principal y un n\u00facleo de ba\u00f1os. Todos los trabajos se realizaron con obra de mano local.<br \/>\nParticiparon de las inauguraciones la ministra de Desarrollo Social, Mar\u00eda P\u00eda Chiacchio Cavana; la ministra de Ambiente y Desarrollo Territorial Sostenible, Marta Soneira; los diputados provinciales, Rodolfo Schwartz Y Rodrigo Ocampo, el responsable nacional de los programas del movimiento, H\u00e9ctor Osorio, el dirigente de la CCC, Sim\u00f3n \u00c1lvarez; referentes del Partido del Trabajo y del Pueblo.<\/div>\n","protected":false},"excerpt":{"rendered":"<p>En La Leonesa fueron las obras del Hospital \u201cDoctor Alejandro Fleming\u201d, nosocomio de nivel III, adem\u00e1s de la refacci\u00f3n de la plaza central y un nuevo sal\u00f3n de usos m\u00faltiples. En Las Palmas, habilit\u00f3 las obras de refacci\u00f3n del CAPS y un sal\u00f3n parroquial. Continuando con su agenda en el Departamento Bermejo, el gobernador Jorge [&hellip;]<\/p>\n","protected":false},"author":1,"featured_media":26666,"comment_status":"closed","ping_status":"closed","sticky":false,"template":"","format":"standard","meta":{"footnotes":""},"categories":[6],"tags":[],"class_list":{"0":"post-26665","1":"post","2":"type-post","3":"status-publish","4":"format-standard","5":"has-post-thumbnail","7":"category-chaco"},"_links":{"self":[{"href":"https:\/\/chacosintesis.com.ar\/index.php\/wp-json\/wp\/v2\/posts\/26665","targetHints":{"allow":["GET"]}}],"collection":[{"href":"https:\/\/chacosintesis.com.ar\/index.php\/wp-json\/wp\/v2\/posts"}],"about":[{"href":"https:\/\/chacosintesis.com.ar\/index.php\/wp-json\/wp\/v2\/types\/post"}],"author":[{"embeddable":true,"href":"https:\/\/chacosintesis.com.ar\/index.php\/wp-json\/wp\/v2\/users\/1"}],"replies":[{"embeddable":true,"href":"https:\/\/chacosintesis.com.ar\/index.php\/wp-json\/wp\/v2\/comments?post=26665"}],"version-history":[{"count":0,"href":"https:\/\/chacosintesis.com.ar\/index.php\/wp-json\/wp\/v2\/posts\/26665\/revisions"}],"wp:featuredmedia":[{"embeddable":true,"href":"https:\/\/chacosintesis.com.ar\/index.php\/wp-json\/wp\/v2\/media\/26666"}],"wp:attachment":[{"href":"https:\/\/chacosintesis.com.ar\/index.php\/wp-json\/wp\/v2\/media?parent=26665"}],"wp:term":[{"taxonomy":"category","embeddable":true,"href":"https:\/\/chacosintesis.com.ar\/index.php\/wp-json\/wp\/v2\/categories?post=26665"},{"taxonomy":"post_tag","embeddable":true,"href":"https:\/\/chacosintesis.com.ar\/index.php\/wp-json\/wp\/v2\/tags?post=26665"}],"curies":[{"name":"wp","href":"https:\/\/api.w.org\/{rel}","templated":true}]}}