{"id":26663,"date":"2023-09-08T15:46:10","date_gmt":"2023-09-08T18:46:10","guid":{"rendered":"https:\/\/chacosintesis.com.ar\/?p=26663"},"modified":"2023-09-08T16:07:53","modified_gmt":"2023-09-08T19:07:53","slug":"el-gobierno-consolida-las-politicas-de-regularizacion-dominial-en-la-provincia","status":"publish","type":"post","link":"https:\/\/chacosintesis.com.ar\/index.php\/el-gobierno-consolida-las-politicas-de-regularizacion-dominial-en-la-provincia\/","title":{"rendered":"El Gobierno consolida las pol\u00edticas de regularizaci\u00f3n dominial en la provincia"},"content":{"rendered":"<div class=\"postie-post\">El Ministerio de Ambiente y Desarrollo Territorial Sostenible trabaja junto a los 70 municipios en lo que respecta al saneamiento parcelario u ordenamiento planificado de las tierras.<br \/>\nContinuando con la implementaci\u00f3n de pol\u00edticas p\u00fablicas para mejorar la calidad de vida de chaque\u00f1os y chaque\u00f1as, la ministra de Ambiente y Desarrollo Territorial Sostenible Marta Soneira, detall\u00f3 todo el trabajo de regularizaci\u00f3n dominial que viene llevando adelante junto a los 70 municipios de la provincia, llevando adelante trabajos de saneamiento parcelario u ordenamiento planificado de las tierras.<br \/>\n\u201cTodos estos trabajos forman parte de una pol\u00edtica p\u00fablica que encaramos y que gracias al gobernador Jorge Capitanich y todo el equipo territorial de la cartera podemos celebrar\u201d, destac\u00f3 la funcionaria provincial.<br \/>\nEn este marco, la cartera provincial se encuentra llevando adelante un proceso de regularizaci\u00f3n dominial sobre los barrios o asentamientos que se han ido consolidando de manera espont\u00e1nea en Resistencia, en el \u00c1rea Metropolitana y otras zonas m\u00e1s, a ra\u00edz de que en su momento surgi\u00f3 la necesidad de acceder a un lote e ingresando las familias a predios de manera espont\u00e1nea.<br \/>\n\u201cAnte esto, ingresamos con los equipos del Ministerio para realizar un saneamiento parcelario u ordenamiento planificado, se determina si hay que hacer liberaci\u00f3n de trazas para la apertura de calles y se empieza a dise\u00f1ar ese barrio en base a esos trabajos\u201d, explic\u00f3 la ministra.<br \/>\n\u201cLuego, con el Colegio de Agrimensores y con los equipos t\u00e9cnicos de ordenamiento territorial, se trabaja en los planos de mensura que luego son elevados a los distintos municipios para que sea visado a nivel municipal, para luego elevar a Catastro provincial quien tiene que aprobar ese plano de cualquiera de los 70 municipios de la provincia\u201d, asent\u00f3.<br \/>\nPor otra parte, el Ministerio de Ambiente y Desarrollo Territorial Sostenible deja en claro su posici\u00f3n con respecto a la correcta ocupaci\u00f3n de las tierras y un trabajo claro y ordenado. \u201cPor un lado, el entendimiento de que no hay manera de hacerlo si no es articulando con los municipios locales, ya que ellos cuentan con su autonom\u00eda municipal, e incluso algunos tienen C\u00f3digo de Planeamiento Urbano, adem\u00e1s de que tienen que ser parte del proceso y visar los planos previamente a que puedan ser aprobados por las \u00e1reas provinciales correspondientes\u201d, ratific\u00f3 Soneira.<br \/>\nTrabajos en Resistencia<br \/>\nEn lo que respecta a Resistencia, el Ministerio de Ambiente y Desarrollo Territorial Sostenible viene trabajando de manera colaborativa, teniendo en cuenta que se han ido consolidando diversos asentamientos, aunque algunos est\u00e1n configurados como barrios. \u201cEn una decisi\u00f3n pol\u00edtica conjunta, entre el Gobierno provincial y los equipos del municipio de Resistencia, hemos ido avanzado en esta cuesti\u00f3n, y dentro de esa construcci\u00f3n, hemos entregado t\u00edtulos de propiedad, tambi\u00e9n hemos aprobado los planos de 14 barrios que hace m\u00e1s de cuarenta a\u00f1os est\u00e1n asentados en Resistencia, por supuesto liderado estas acciones por el Gobierno provincial que tiene una clara decisi\u00f3n de regularizaci\u00f3n dominial\u201d, manifest\u00f3 la titular de la cartera ambiental &#8211; territorial de la provincia.<br \/>\nAdem\u00e1s, en la zona sur de Resistencia, Provincia y Municipio, desde 2020, trabajan en el proyecto Nuevo Sur. \u201cNosotros tenemos en claro dos cuestiones. Por un lado, que todo aquello que se vino haciendo bien, donde el Chaco es conocido y lidera todas las herramientas normativas respecto a desarrollo urban\u00edstico, acceso a la tierra y regularizaci\u00f3n dominial, adem\u00e1s de que nosotros determinamos una nueva herramienta que es la ley del Banco de Tierras y luego hemos aprobado otra ley que es la de Ordenamiento Territorial, para poder ordenar el crecimiento y la expansi\u00f3n de las ciudades\u201d, puntualiz\u00f3 la funcionaria chaque\u00f1a.<br \/>\n\u201cDimos continuidad a las pol\u00edticas de Estado, a los proyectos y a los planes estrat\u00e9gicos que se ven\u00edan impulsando como el Plan Estrat\u00e9gico Territorial (PET) que se gener\u00f3 en el 2013, despu\u00e9s tuvo su actualizaci\u00f3n y nosotros lo tenemos como una herramienta de configuraci\u00f3n y desarrollo territorial, que tambi\u00e9n lo hemos actualizado\u201d, finaliz\u00f3 Soneira.<\/div>\n","protected":false},"excerpt":{"rendered":"<p>El Ministerio de Ambiente y Desarrollo Territorial Sostenible trabaja junto a los 70 municipios en lo que respecta al saneamiento parcelario u ordenamiento planificado de las tierras. Continuando con la implementaci\u00f3n de pol\u00edticas p\u00fablicas para mejorar la calidad de vida de chaque\u00f1os y chaque\u00f1as, la ministra de Ambiente y Desarrollo Territorial Sostenible Marta Soneira, detall\u00f3 [&hellip;]<\/p>\n","protected":false},"author":1,"featured_media":26664,"comment_status":"closed","ping_status":"closed","sticky":false,"template":"","format":"standard","meta":{"footnotes":""},"categories":[6],"tags":[],"class_list":{"0":"post-26663","1":"post","2":"type-post","3":"status-publish","4":"format-standard","5":"has-post-thumbnail","7":"category-chaco"},"_links":{"self":[{"href":"https:\/\/chacosintesis.com.ar\/index.php\/wp-json\/wp\/v2\/posts\/26663","targetHints":{"allow":["GET"]}}],"collection":[{"href":"https:\/\/chacosintesis.com.ar\/index.php\/wp-json\/wp\/v2\/posts"}],"about":[{"href":"https:\/\/chacosintesis.com.ar\/index.php\/wp-json\/wp\/v2\/types\/post"}],"author":[{"embeddable":true,"href":"https:\/\/chacosintesis.com.ar\/index.php\/wp-json\/wp\/v2\/users\/1"}],"replies":[{"embeddable":true,"href":"https:\/\/chacosintesis.com.ar\/index.php\/wp-json\/wp\/v2\/comments?post=26663"}],"version-history":[{"count":0,"href":"https:\/\/chacosintesis.com.ar\/index.php\/wp-json\/wp\/v2\/posts\/26663\/revisions"}],"wp:featuredmedia":[{"embeddable":true,"href":"https:\/\/chacosintesis.com.ar\/index.php\/wp-json\/wp\/v2\/media\/26664"}],"wp:attachment":[{"href":"https:\/\/chacosintesis.com.ar\/index.php\/wp-json\/wp\/v2\/media?parent=26663"}],"wp:term":[{"taxonomy":"category","embeddable":true,"href":"https:\/\/chacosintesis.com.ar\/index.php\/wp-json\/wp\/v2\/categories?post=26663"},{"taxonomy":"post_tag","embeddable":true,"href":"https:\/\/chacosintesis.com.ar\/index.php\/wp-json\/wp\/v2\/tags?post=26663"}],"curies":[{"name":"wp","href":"https:\/\/api.w.org\/{rel}","templated":true}]}}