{"id":26659,"date":"2023-09-08T12:12:10","date_gmt":"2023-09-08T15:12:10","guid":{"rendered":"https:\/\/chacosintesis.com.ar\/?p=26659"},"modified":"2023-09-08T12:37:48","modified_gmt":"2023-09-08T15:37:48","slug":"resistencia-realizaron-operativo-para-desalojar-predio-sobre-ruta-nacional-11","status":"publish","type":"post","link":"https:\/\/chacosintesis.com.ar\/index.php\/resistencia-realizaron-operativo-para-desalojar-predio-sobre-ruta-nacional-11\/","title":{"rendered":"Resistencia: Realizaron operativo para desalojar predio sobre ruta nacional 11"},"content":{"rendered":"<div class=\"postie-post\">Durante la ma\u00f1ana de hoy, a partir de las 06:30 horas se dio inicio al operativo de desalojo del predio ocupado en la intersecci\u00f3n de Avenida Juana Azurduy con colectora Ruta Nacional N\u00b0 11 con Avenida \u00c1lvarez Lotero (cercan\u00eda al Parque Caraguat\u00e1), de la ciudad de Resistencia, Chaco.<\/p>\n<p>El pedido de desalojo se dio en el marco de la causa ?Mendiburo Walter Ruben s\/ denuncia usurpaci\u00f3n? que se tramita ante el Equipo Fiscal n\u00famero 2 de Resistencia.<br \/>\nLa fiscal Ana Gonz\u00e1lez de Pacce, el Juzgado de Garant\u00edas n\u00famero 3, libr\u00f3 orden de allanamiento para desalojar a los imputados y a todo ocupante que se encuentre en el lugar, debiendo restituirse el inmueble a su leg\u00edtimo propietario.<\/p>\n<p>La orden fue llevada a cabo por el Equipo de Ayudantes Fiscales del Ministerio P\u00fablico Fiscal integrado por Vanesa Gonz\u00e1lez; Cristian Barreto; Gabriel Gaona; Victor Krummel; Eduardo Figueroa; Roberto Gim\u00e9nez; Pablo Fern\u00e1ndez Mendieta, bajo la coordinaci\u00f3n del AF Javier Garc\u00eda, adem\u00e1s contaron con la colaboraci\u00f3n de m\u00e1s de 580 efectivos policiales a fin de resguardar la integridad f\u00edsica de todos los involucrados, como as\u00ed tambi\u00e9n las garant\u00edas procesales.<\/p><\/div>\n","protected":false},"excerpt":{"rendered":"<p>Durante la ma\u00f1ana de hoy, a partir de las 06:30 horas se dio inicio al operativo de desalojo del predio ocupado en la intersecci\u00f3n de Avenida Juana Azurduy con colectora Ruta Nacional N\u00b0 11 con Avenida \u00c1lvarez Lotero (cercan\u00eda al Parque Caraguat\u00e1), de la ciudad de Resistencia, Chaco. El pedido de desalojo se dio en [&hellip;]<\/p>\n","protected":false},"author":1,"featured_media":26660,"comment_status":"closed","ping_status":"closed","sticky":false,"template":"","format":"standard","meta":{"footnotes":""},"categories":[6],"tags":[],"class_list":{"0":"post-26659","1":"post","2":"type-post","3":"status-publish","4":"format-standard","5":"has-post-thumbnail","7":"category-chaco"},"_links":{"self":[{"href":"https:\/\/chacosintesis.com.ar\/index.php\/wp-json\/wp\/v2\/posts\/26659","targetHints":{"allow":["GET"]}}],"collection":[{"href":"https:\/\/chacosintesis.com.ar\/index.php\/wp-json\/wp\/v2\/posts"}],"about":[{"href":"https:\/\/chacosintesis.com.ar\/index.php\/wp-json\/wp\/v2\/types\/post"}],"author":[{"embeddable":true,"href":"https:\/\/chacosintesis.com.ar\/index.php\/wp-json\/wp\/v2\/users\/1"}],"replies":[{"embeddable":true,"href":"https:\/\/chacosintesis.com.ar\/index.php\/wp-json\/wp\/v2\/comments?post=26659"}],"version-history":[{"count":0,"href":"https:\/\/chacosintesis.com.ar\/index.php\/wp-json\/wp\/v2\/posts\/26659\/revisions"}],"wp:featuredmedia":[{"embeddable":true,"href":"https:\/\/chacosintesis.com.ar\/index.php\/wp-json\/wp\/v2\/media\/26660"}],"wp:attachment":[{"href":"https:\/\/chacosintesis.com.ar\/index.php\/wp-json\/wp\/v2\/media?parent=26659"}],"wp:term":[{"taxonomy":"category","embeddable":true,"href":"https:\/\/chacosintesis.com.ar\/index.php\/wp-json\/wp\/v2\/categories?post=26659"},{"taxonomy":"post_tag","embeddable":true,"href":"https:\/\/chacosintesis.com.ar\/index.php\/wp-json\/wp\/v2\/tags?post=26659"}],"curies":[{"name":"wp","href":"https:\/\/api.w.org\/{rel}","templated":true}]}}