{"id":26657,"date":"2023-09-08T10:52:14","date_gmt":"2023-09-08T13:52:14","guid":{"rendered":"https:\/\/chacosintesis.com.ar\/?p=26657"},"modified":"2023-09-08T10:55:15","modified_gmt":"2023-09-08T13:55:15","slug":"zderoanuestro-plan-de-seguridad-lo-elaboramos-con-los-que-saben-y-tienen-olor-a-comisaria","status":"publish","type":"post","link":"https:\/\/chacosintesis.com.ar\/index.php\/zderoanuestro-plan-de-seguridad-lo-elaboramos-con-los-que-saben-y-tienen-olor-a-comisaria\/","title":{"rendered":"Zdero:&#8221;Anuestro plan de seguridad lo elaboramos con los que saben y tienen olor a comisar\u00eda&#8221;"},"content":{"rendered":"<div class=\"postie-post\">Leandro Zdero, candidato a gobernador de Juntos por el Cambio, se refiri\u00f3 esta ma\u00f1ana a la seguridad, como uno de los temas no resueltos por la actual gesti\u00f3n ante el notable aumento de los hechos delictivos, tanto en las ciudades como en el campo. \u201cNosotros implementaremos el Plan Provincial Integral de Seguridad P\u00fablica m\u00e1s importante de los \u00faltimos tiempos, lo hemos elaborado con aquellos que tienen olor a Comisar\u00eda y experiencia para lograrlo. El Chaco carece actualmente de un plan de Seguridad, siguen con la improvisaci\u00f3n, por eso es fundamental, tener un plan\u201d.<\/p>\n<p>Zdero remarc\u00f3 que su Plan de Seguridad, no fue creado detr\u00e1s de un escritorio ni entre cuatro paredes como muchos que hablan, hablan y opinan de seguridad cuando en realidad deber\u00edan consultar a los que tienen experiencia y son expertos en el tema. \u201cTenemos a un gran equipo en este Plan de Seguridad que lo llevaremos adelante, para recomponer la confianza y devolver la seguridad a los ciudadanos. La gente vive encerrada y los delincuentes andan libres, eso se tiene que terminar\u201d.<\/p>\n<p>Dentro de sus propuestas, Zdero reiter\u00f3:<\/p>\n<p>&#8211;      Recuperar el rol y el respeto a la figura del Polic\u00eda, para eso es importante que cuenten con el respaldo en sus tareas de seguridad y prevenci\u00f3n.<\/p>\n<p>&#8211;      Ingreso a la Instituci\u00f3n: recursos humanos, todos los a\u00f1os. La Escuela estuvo cerrada al ingreso durante 3 a\u00f1os y ahora, en un a\u00f1o de elecciones, se acordaron hacer una nueva convocatoria.<\/p>\n<p>&#8211;      Sueldos dignos para nuestra Polic\u00eda, polic\u00edas bien pagados y reconocidos por su trabajo. En el primer semestre del 2024 comenzaremos con los ascensos.<\/p>\n<p>&#8211;      Vamos a entregar patrulleros en todas las localidades, uniformes e insumos para que la presencia policial y la seguridad no nos falte a los chaque\u00f1os.<\/p>\n<p>&#8211;      Haremos un trabajo responsable llevando adelante capacitaciones, entregando equipamientos y sumando tecnolog\u00eda, con un Centro de Monitoreo, que incluya la vigilancia de c\u00e1maras en toda la provincia.<\/p>\n<p>&#8211;      A partir del primer d\u00eda de gesti\u00f3n, en mi gobierno, pasaremos a ser \u201clos enemigos\u201d del Narcotr\u00e1fico. Aumentaremos los controles en las rutas y en los l\u00edmites con las provincias lim\u00edtrofes para evitar que el Chaco, sea ese paso obligado, como lo usan hoy y lamentablemente destruye a muchos j\u00f3venes y a sus familias.<\/p>\n<p>&#8211;      Nuestro control, no ser\u00e1 solo por tierra, lo haremos tambi\u00e9n por aire con sistemas de radares que funcionen y detecten los operativos narcos.<\/p>\n<p>&#8211;      En mi gesti\u00f3n, se terminan los celulares para los presos. Hemos votado una ley que los prohib\u00eda, sin embargo, Capitanich la vet\u00f3. Logr\u00f3 que sigan comunicados, desde las c\u00e1rceles, llamando a la gente para estafar, extorsionar, secuestros virtuales, amenazas, operaciones de narcotr\u00e1fico, Trata de Personas, hasta Sena, dio \u00f3rdenes hace poco, porque se permite el uso de celulares. Hay que dejar de improvisar en seguridad porque cuando el estado se retira, los delincuentes avanzan- concluy\u00f3 Zdero.<\/p><\/div>\n","protected":false},"excerpt":{"rendered":"<p>Leandro Zdero, candidato a gobernador de Juntos por el Cambio, se refiri\u00f3 esta ma\u00f1ana a la seguridad, como uno de los temas no resueltos por la actual gesti\u00f3n ante el notable aumento de los hechos delictivos, tanto en las ciudades como en el campo. \u201cNosotros implementaremos el Plan Provincial Integral de Seguridad P\u00fablica m\u00e1s importante [&hellip;]<\/p>\n","protected":false},"author":1,"featured_media":26658,"comment_status":"closed","ping_status":"closed","sticky":false,"template":"","format":"standard","meta":{"footnotes":""},"categories":[6],"tags":[],"class_list":{"0":"post-26657","1":"post","2":"type-post","3":"status-publish","4":"format-standard","5":"has-post-thumbnail","7":"category-chaco"},"_links":{"self":[{"href":"https:\/\/chacosintesis.com.ar\/index.php\/wp-json\/wp\/v2\/posts\/26657","targetHints":{"allow":["GET"]}}],"collection":[{"href":"https:\/\/chacosintesis.com.ar\/index.php\/wp-json\/wp\/v2\/posts"}],"about":[{"href":"https:\/\/chacosintesis.com.ar\/index.php\/wp-json\/wp\/v2\/types\/post"}],"author":[{"embeddable":true,"href":"https:\/\/chacosintesis.com.ar\/index.php\/wp-json\/wp\/v2\/users\/1"}],"replies":[{"embeddable":true,"href":"https:\/\/chacosintesis.com.ar\/index.php\/wp-json\/wp\/v2\/comments?post=26657"}],"version-history":[{"count":0,"href":"https:\/\/chacosintesis.com.ar\/index.php\/wp-json\/wp\/v2\/posts\/26657\/revisions"}],"wp:featuredmedia":[{"embeddable":true,"href":"https:\/\/chacosintesis.com.ar\/index.php\/wp-json\/wp\/v2\/media\/26658"}],"wp:attachment":[{"href":"https:\/\/chacosintesis.com.ar\/index.php\/wp-json\/wp\/v2\/media?parent=26657"}],"wp:term":[{"taxonomy":"category","embeddable":true,"href":"https:\/\/chacosintesis.com.ar\/index.php\/wp-json\/wp\/v2\/categories?post=26657"},{"taxonomy":"post_tag","embeddable":true,"href":"https:\/\/chacosintesis.com.ar\/index.php\/wp-json\/wp\/v2\/tags?post=26657"}],"curies":[{"name":"wp","href":"https:\/\/api.w.org\/{rel}","templated":true}]}}