{"id":26655,"date":"2023-09-08T10:50:49","date_gmt":"2023-09-08T13:50:49","guid":{"rendered":"https:\/\/chacosintesis.com.ar\/?p=26655"},"modified":"2023-09-08T10:55:10","modified_gmt":"2023-09-08T13:55:10","slug":"gran-exito-en-el-cuarto-sorteo-de-viviendas-para-las-familias-del-ex-proyecto-caraguata","status":"publish","type":"post","link":"https:\/\/chacosintesis.com.ar\/index.php\/gran-exito-en-el-cuarto-sorteo-de-viviendas-para-las-familias-del-ex-proyecto-caraguata\/","title":{"rendered":"Gran \u00e9xito en el cuarto sorteo de viviendas para las familias del ex proyecto Caraguat\u00e1"},"content":{"rendered":"<div class=\"postie-post\">Se preadjudicaron 37 unidades habitacionales ayer por el Ipduv a familias, que en el 2015, salieron beneficiadas del sorteo del ex Proyecto Urbano Caraguat\u00e1 y que, despu\u00e9s de 7 a\u00f1os y con esta gesti\u00f3n, pudieron volver a retomar el sue\u00f1o de ser propietarios de una vivienda. \u201cYa sumaron un total de 173 viviendas destinadas a las familias del ex proyecto\u201d, remarc\u00f3 Ar\u00e9valo.<br \/>\n\u201cEstamos cumpliendo con nuestra palabra\u201d, subray\u00f3 ayer el actual candidato a intendente de Resistencia por el frente chaque\u00f1o, Diego Ar\u00e9valo durante el sorteo p\u00fablico que se realiz\u00f3 en la Usina Urbana, ayer, para los ex titulares sorteados del ex Proyecto Urbano Caraguat\u00e1. Se sortearon 37 unidades habitacionales que corresponden al cupo acordado, durante la gesti\u00f3n de  Diego Ar\u00e9valo, el cual consist\u00eda en que el 20% del total de las viviendas que sean construidas y est\u00e9n pr\u00f3ximas a entregarse en Resistencia ser\u00e1n destinadas a este colectivo. \u201cYa sumaron un total de 173 viviendas destinadas a las familias del ex proyecto Caraguat\u00e1\u201d, remarc\u00f3 Ar\u00e9valo en el acto haciendo alusi\u00f3n a la suma del total de viviendas que ya fueron preadjudicadas con la concreci\u00f3n de los cuatro sorteos.<br \/>\n\u201cNos emocionamos con cada familia que pudo concretar hasta ahora, a trav\u00e9s del sorteo p\u00fablico, el sue\u00f1o de la casa propia\u201d, dijo Ar\u00e9valo y seguidamente les pidi\u00f3 a los presentes que asistieron al evento que \u201ctengan la seguridad de que no dejaremos de trabajar por aquellos que a\u00fan faltan\u201d, remarc\u00f3.<br \/>\nEl sorteo p\u00fablico empez\u00f3 a partir de las 18.45 horas en la Usina Urbana y fue fiscalizado por el registro notarial especial del Instituto de Vivienda. Estuvieron presentes los vocales, Mirko Nicolich y Mariano Brahim como as\u00ed tambi\u00e9n personal del \u00e1rea social del Ipduv.<br \/>\n\u201cHoy pudimos otorgar cada vivienda con la transparencia que corresponde y as\u00ed otorgarles a todos los que participaron la igualdad de oportunidades\u201d, recalc\u00f3 Ar\u00e9valo. Adem\u00e1s, mencion\u00f3 que en el caso de que alguno de los beneficiarios incurra en alguna irregularidad que sea de conocimiento por parte de otros participantes, los mismos deben dirigirse al Instituto de Vivienda para informar al \u00e1rea pertinente. \u201cAdem\u00e1s, los que resultaron preadjudicados ser\u00e1n sometidos a una \u00faltima instancia de evaluaci\u00f3n para convertirse en los pr\u00f3ximos adjudicatarios de una vivienda\u201d, detall\u00f3.<br \/>\nCabe recordar que a trav\u00e9s de la actual gesti\u00f3n del Instituto de Vivienda y el gobierno provincial se asumi\u00f3 el compromiso de ir saldando una deuda moral con estas familias que, durante 7 a\u00f1os no tuvieron respuestas debido a la par\u00e1lisis de obras que incidi\u00f3 en la provincia durante la presidencia de Macri y que por ese motivo, hab\u00edan quedado en el olvido y sin poder concretarse. Hoy, con la gesti\u00f3n actual, ya se concret\u00f3 el cuarto sorteo de viviendas destinado a estas familias.<br \/>\nAsimismo, record\u00f3 que este mes se sortear\u00e1n otras tandas de viviendas en Resistencia pertenecientes a las 267 que ser\u00e1n preadjudicadas a familias de Resistencia. \u201cLos d\u00edas 14, 21 y 28 de septiembre se llevar\u00e1 a cabo el sorteo de m\u00e1s viviendas como as\u00ed tambi\u00e9n, los d\u00edas 12 y 19 de octubre\u201d. \u201cA trav\u00e9s de la p\u00e1gina web oficial del organismo podr\u00e1n acceder a m\u00e1s informaci\u00f3n y estar informados de cada instancia\u201d, subray\u00f3.<\/div>\n","protected":false},"excerpt":{"rendered":"<p>Se preadjudicaron 37 unidades habitacionales ayer por el Ipduv a familias, que en el 2015, salieron beneficiadas del sorteo del ex Proyecto Urbano Caraguat\u00e1 y que, despu\u00e9s de 7 a\u00f1os y con esta gesti\u00f3n, pudieron volver a retomar el sue\u00f1o de ser propietarios de una vivienda. \u201cYa sumaron un total de 173 viviendas destinadas a [&hellip;]<\/p>\n","protected":false},"author":1,"featured_media":26656,"comment_status":"closed","ping_status":"closed","sticky":false,"template":"","format":"standard","meta":{"footnotes":""},"categories":[6],"tags":[],"class_list":{"0":"post-26655","1":"post","2":"type-post","3":"status-publish","4":"format-standard","5":"has-post-thumbnail","7":"category-chaco"},"_links":{"self":[{"href":"https:\/\/chacosintesis.com.ar\/index.php\/wp-json\/wp\/v2\/posts\/26655","targetHints":{"allow":["GET"]}}],"collection":[{"href":"https:\/\/chacosintesis.com.ar\/index.php\/wp-json\/wp\/v2\/posts"}],"about":[{"href":"https:\/\/chacosintesis.com.ar\/index.php\/wp-json\/wp\/v2\/types\/post"}],"author":[{"embeddable":true,"href":"https:\/\/chacosintesis.com.ar\/index.php\/wp-json\/wp\/v2\/users\/1"}],"replies":[{"embeddable":true,"href":"https:\/\/chacosintesis.com.ar\/index.php\/wp-json\/wp\/v2\/comments?post=26655"}],"version-history":[{"count":0,"href":"https:\/\/chacosintesis.com.ar\/index.php\/wp-json\/wp\/v2\/posts\/26655\/revisions"}],"wp:featuredmedia":[{"embeddable":true,"href":"https:\/\/chacosintesis.com.ar\/index.php\/wp-json\/wp\/v2\/media\/26656"}],"wp:attachment":[{"href":"https:\/\/chacosintesis.com.ar\/index.php\/wp-json\/wp\/v2\/media?parent=26655"}],"wp:term":[{"taxonomy":"category","embeddable":true,"href":"https:\/\/chacosintesis.com.ar\/index.php\/wp-json\/wp\/v2\/categories?post=26655"},{"taxonomy":"post_tag","embeddable":true,"href":"https:\/\/chacosintesis.com.ar\/index.php\/wp-json\/wp\/v2\/tags?post=26655"}],"curies":[{"name":"wp","href":"https:\/\/api.w.org\/{rel}","templated":true}]}}