{"id":26647,"date":"2023-09-08T08:44:44","date_gmt":"2023-09-08T11:44:44","guid":{"rendered":"https:\/\/chacosintesis.com.ar\/?p=26647"},"modified":"2023-09-08T09:07:13","modified_gmt":"2023-09-08T12:07:13","slug":"con-el-nuevo-puerto-las-palmas-el-chaco-suma-infraestructura-para-potenciar-la-logistica-y-la-competitividad-2","status":"publish","type":"post","link":"https:\/\/chacosintesis.com.ar\/index.php\/con-el-nuevo-puerto-las-palmas-el-chaco-suma-infraestructura-para-potenciar-la-logistica-y-la-competitividad-2\/","title":{"rendered":"Con el nuevo Puerto Las Palmas, el Chaco suma infraestructura para potenciar la log\u00edstica y la competitividad"},"content":{"rendered":"<div class=\"postie-post\">Con una inversi\u00f3n superior a 32 millones de d\u00f3lares financiados por Fonplata, m\u00e1s recursos de Provincia y Naci\u00f3n, la flamante terminal portuaria potenciar\u00e1 la log\u00edstica, generando una nueva alternativa de carga al sector productivo chaque\u00f1o y de la regi\u00f3n.<br \/>\n Con el objetivo de seguir afianzando el desarrollo de la provincia, el gobernador Jorge Capitanich inaugur\u00f3 este jueves la terminal de cargas Puerto Las Palmas, una megaobra que dar\u00e1 impulso al sector productivo e industrial del Chaco y la regi\u00f3n, dot\u00e1ndolo de una log\u00edstica de transporte que unir\u00e1 a la producci\u00f3n local con el mundo.<br \/>\n\u201cNo hay capacidad de desarrollo de base industrial sin inversi\u00f3n en infraestructura, por eso siento orgullo de decir que este puerto a partir de ahora tendr\u00e1 las mejores perspectivas para la competitividad log\u00edstica. Ahora nos toca fortalecer la flota fluvial y mar\u00edtima, recuperar nuestros astilleros, contenedores y barcazas porque eso tambi\u00e9n va a ser la base para integrarnos con el sistema mundial\u201d, ratific\u00f3 el mandatario provincial.<br \/>\nLa obra ejecutada incluye un muelle de 201 metros, una plazoleta con capacidad almacenamiento para 300 contenedores, un almac\u00e9n cubierto para acopio, una gr\u00faa para contenedores con capacidad para 75 toneladas m\u00e1s una cargadora frontal, adem\u00e1s de una zona aduanera, caniles para detecci\u00f3n de estupefacientes, un espacio de dep\u00f3sito y 15 oficinas administrativas.<br \/>\n\u201cEste Puerto tendr\u00e1 un efecto multiplicador en el empleo, es una obra que est\u00e1 programada para tener rentabilidad y competir de forma global en todas las transacciones comerciales\u201d, agreg\u00f3 el mandatario.<\/p>\n<p>Tambi\u00e9n se desarroll\u00f3 una red de lucha contra incendios, torres de iluminaci\u00f3n, cercado del predio, pavimentaci\u00f3n y la ampliaci\u00f3n de la planta potabilizadora de agua que abastecer\u00e1 a la terminal y zonas aleda\u00f1as.<br \/>\nLa nueva terminal de cargas prev\u00e9 un nivel anual aproximado de 7.000 contenedores para exportaci\u00f3n (cereales, semillas, extractos curtientes, algod\u00f3n y textiles; foresto-industria; maquinaria agr\u00edcola; miel, grasas y aceites; carnes); y 945 de importaci\u00f3n (bienes de capital; e insumos y materias primas para la industria).<br \/>\nEn ese contexto, Capitanich asegur\u00f3 que tener dos puertos estrat\u00e9gicos como Las Palmas y Barranqueras \u201csignifica la posibilidad de unir la capacidad log\u00edstica con obras de energ\u00eda y la provisi\u00f3n de gas, llegando a los parques industriales y as\u00ed a los grandes usuarios para abaratar los costos de producci\u00f3n y garantizar competitividad\u201d.<br \/>\nEn cuanto a la importancia regional de la obra, el gobernador enfatiz\u00f3 que, a partir de ahora \u201cel departamento Bermejo tiene en este puerto una reparaci\u00f3n hist\u00f3rica\u201d, defini\u00e9ndolo como \u201cun puerto competitivo\u201d y remarcando el uso que podr\u00e1n hacer otras provincias argentinas de la capacidad instalada.<br \/>\nDurante el acto, el gobernador estuvo acompa\u00f1ado por la vicegobernadora Anal\u00eda Rach Quiroga, el ministro de Planificaci\u00f3n, Econom\u00eda e Infraestructura, Santiago Perez Pons, la administradora del Puerto, Constanza Prause y los intendentes de Las Palmas y La Leonesa, entre otras autoridades.<\/p>\n<p>Obra estrat\u00e9gica para el desarrollo y la generaci\u00f3n de empleo<\/p>\n<p>Al respecto, el ministro de Planificaci\u00f3n, Econom\u00eda e Infraestructura Santiago P\u00e9rez Pons destac\u00f3 la importancia de la puesta en funcionamiento de dicha terminal afirmando que \u201csignifica, adem\u00e1s de la generaci\u00f3n de empleo genuino para los y las chaque\u00f1as, una gran ventaja competitiva para los productores de la regi\u00f3n debido a su ubicaci\u00f3n estrat\u00e9gica\u201d.<br \/>\nDurante su alocuci\u00f3n, la administradora del Puerto, Constanza Prause celebr\u00f3 esta inauguraci\u00f3n, realizando un repaso cronol\u00f3gico del desarrollo y planificaci\u00f3n para la construcci\u00f3n del Puerto Las Palmas y afirmando: \u201cTodo lo que vemos ac\u00e1, muelle, relleno del predio, cerco perimetral, acceso al Puerto por la ruta provincial, red de lucha contra incendio y la Terminal de Cargas, que finaliza este proceso y pone un puerto de \u00faltima tecnolog\u00eda en nuestra provincia sobre el r\u00edo Paraguay\u201d, dijo.<br \/>\nPor su parte el intendente de La Leonesa, Jos\u00e9 Carbajal, expres\u00f3: \u201cAc\u00e1 se cumple el sue\u00f1o del gobernador Capitanich y el nuestro: la industrializaci\u00f3n de la ruralidad, el valor agregado en el origen\u201d, recordando que all\u00ed se produce e industrializa arroz y pac\u00fa, y se exporta a distintos pa\u00edses del mundo.<br \/>\nEn tanto que, el intendente de Las Palmas, Victor Armella, agradeci\u00f3 \u201cesta reparaci\u00f3n hist\u00f3rica para nuestro departamento y la localidad\u201d, sumando todas las obras realizadas para mejorar la calidad de vida de cada habitante del departamento Bermejo.<\/p>\n<p>Impacto directo en la producci\u00f3n local<\/p>\n<p>El proyecto de Puerto Las Palmas comenz\u00f3 a planificarse en 2013, dando inicio a las obras en 2016, financiado por el Fondo Financiero para el Desarrollo de la Cuenca del Plata (Fonplata), fondos propios de la provincia y recursos provenientes del Estado Nacional, alcanzando una inversi\u00f3n total de 32.346.605 d\u00f3lares.<br \/>\nEn 2017 lleg\u00f3 una segunda etapa, de ampliaci\u00f3n del muelle y la defensa costera, para alcanzar 201 metros de longitud, m\u00e1s el sistema de iluminaci\u00f3n que consta de 6 torres para que la futura terminal de cargas opere en horarios nocturnos. En 2018, se cre\u00f3 la Administraci\u00f3n Portuaria del Puerto Las Palmas, ente aut\u00e1rquico provincial; y en 2019 se firmaron las actas de recepci\u00f3n definitiva de la obra del muelle.<br \/>\nEn 2020, a pesar de la pandemia, se ejecutaron, con fondos provinciales, obras internas (relleno del predio, cierre perimetral e instalaci\u00f3n de una oficina m\u00f3vil); en 2021, obras de pavimentaci\u00f3n de la zona primaria aduanera, revestimiento del talud y construcci\u00f3n de red de lucha contra incendios; y, en 2022, obras intraprediales de la terminal de Cargas.<\/p>\n<p>Presentes<\/p>\n<p>Estuvieron presentes en la inauguraci\u00f3n la ministra de Desarrollo Social, Mar\u00eda P\u00eda Chiacchio Cavana; la ministra de Ambiente y Desarrollo Territorial Sostenible, Marta Soneira; el administrador general de la Direcci\u00f3n de Vialidad Provincial (DVP), Hugo Varela; el presidente de la Administraci\u00f3n Provincial del Agua (APA), Daniel Pegoraro; el subsecretario de Asuntos Registrales, Eduardo Colombo; el subsecretario de Transporte, Tom\u00e1s Yazlle; y la coordinadora de Relaciones Institucionales, Liliana Jara.<br \/>\nTambi\u00e9n participaron, el diputado Provincial, Rodrigo Ocampo; representantes de las Fuerzas de Seguridad, de Prefectura Naval Argentina, de la C\u00e1mara de Exportadores, de Federaci\u00f3n Econ\u00f3mica, de la Uni\u00f3n Industrial, empresarios, empresarias, trabajadoras y trabajadores portuarios.<\/p><\/div>\n","protected":false},"excerpt":{"rendered":"<p>Con una inversi\u00f3n superior a 32 millones de d\u00f3lares financiados por Fonplata, m\u00e1s recursos de Provincia y Naci\u00f3n, la flamante terminal portuaria potenciar\u00e1 la log\u00edstica, generando una nueva alternativa de carga al sector productivo chaque\u00f1o y de la regi\u00f3n. Con el objetivo de seguir afianzando el desarrollo de la provincia, el gobernador Jorge Capitanich inaugur\u00f3 [&hellip;]<\/p>\n","protected":false},"author":1,"featured_media":26648,"comment_status":"closed","ping_status":"closed","sticky":false,"template":"","format":"standard","meta":{"footnotes":""},"categories":[6],"tags":[],"class_list":{"0":"post-26647","1":"post","2":"type-post","3":"status-publish","4":"format-standard","5":"has-post-thumbnail","7":"category-chaco"},"_links":{"self":[{"href":"https:\/\/chacosintesis.com.ar\/index.php\/wp-json\/wp\/v2\/posts\/26647","targetHints":{"allow":["GET"]}}],"collection":[{"href":"https:\/\/chacosintesis.com.ar\/index.php\/wp-json\/wp\/v2\/posts"}],"about":[{"href":"https:\/\/chacosintesis.com.ar\/index.php\/wp-json\/wp\/v2\/types\/post"}],"author":[{"embeddable":true,"href":"https:\/\/chacosintesis.com.ar\/index.php\/wp-json\/wp\/v2\/users\/1"}],"replies":[{"embeddable":true,"href":"https:\/\/chacosintesis.com.ar\/index.php\/wp-json\/wp\/v2\/comments?post=26647"}],"version-history":[{"count":0,"href":"https:\/\/chacosintesis.com.ar\/index.php\/wp-json\/wp\/v2\/posts\/26647\/revisions"}],"wp:featuredmedia":[{"embeddable":true,"href":"https:\/\/chacosintesis.com.ar\/index.php\/wp-json\/wp\/v2\/media\/26648"}],"wp:attachment":[{"href":"https:\/\/chacosintesis.com.ar\/index.php\/wp-json\/wp\/v2\/media?parent=26647"}],"wp:term":[{"taxonomy":"category","embeddable":true,"href":"https:\/\/chacosintesis.com.ar\/index.php\/wp-json\/wp\/v2\/categories?post=26647"},{"taxonomy":"post_tag","embeddable":true,"href":"https:\/\/chacosintesis.com.ar\/index.php\/wp-json\/wp\/v2\/tags?post=26647"}],"curies":[{"name":"wp","href":"https:\/\/api.w.org\/{rel}","templated":true}]}}