{"id":26643,"date":"2023-09-07T23:40:34","date_gmt":"2023-09-08T02:40:34","guid":{"rendered":"https:\/\/chacosintesis.com.ar\/?p=26643"},"modified":"2023-09-08T00:07:01","modified_gmt":"2023-09-08T03:07:01","slug":"una-cantante-chaquena-se-presentara-en-la-television-nacional","status":"publish","type":"post","link":"https:\/\/chacosintesis.com.ar\/index.php\/una-cantante-chaquena-se-presentara-en-la-television-nacional\/","title":{"rendered":"Una cantante chaque\u00f1a se presentar\u00e1 en la televisi\u00f3n nacional"},"content":{"rendered":"<div class=\"postie-post\">Melyna Enriquez, joven de Resistencia, participar\u00e1 el pr\u00f3ximo 23 de septiembre en el programa Pasi\u00f3n de S\u00e1bado, el m\u00e1s conocido de la movida tropical. Adem\u00e1s, la trayectoria de la banda fue declarada de inter\u00e9s cultural por el Instituto de Cultura del Chaco.<br \/>\nLa joven cantante chaque\u00f1a Melyna Enriquez se presentar\u00e1 en la TV nacional el 23 de septiembre en el programa Pasi\u00f3n de S\u00e1bado. Su m\u00fasica fue declarada de inter\u00e9s cultural por el Instituto de Cultura del Chaco.<br \/>\nPasi\u00f3n de S\u00e1bado es el programa m\u00e1s conocido de la movida tropical, donde realizan recitales y shows en vivo. Es transmitido por la se\u00f1al de Am\u00e9rica TV y conducido por Marcela Ba\u00f1os y Lisandro Carret.<br \/>\nEl representante de Melyna, Christian Balbuena en comunicaci\u00f3n con la Agencia FOCO, detall\u00f3 que la banda que acompa\u00f1ar\u00e1 a Enriquez est\u00e1 conformada por Mariano, tecladista; Manuel, bajista; Ariel, guitarrista; Javier, baterista y Juan Diego, percusionista.<br \/>\nConsultado sobre c\u00f3mo llegaron a contactarse con el canal nacional, Christian coment\u00f3 que presentaron el material en la producci\u00f3n de Pasi\u00f3n de S\u00e1bado: \u201cEscucharon el material y nos dijeron que quedaron impactados, que les gust\u00f3 mucho y est\u00e1n buscando como una nueva voz femenina. Que encontraron en ella que tiene carisma, voz, \u00e1ngel, imagen y que les gustar\u00eda que viajemos\u201d.<br \/>\nAdem\u00e1s coment\u00f3 que a partir de esa presentaci\u00f3n del material \u201cempez\u00f3 una etapa de promoci\u00f3n que actualmente est\u00e1 saliendo en FM Pasi\u00f3n en todo el pa\u00eds, con temas de ella\u201d.<br \/>\nAsimismo, Balbuena coment\u00f3 que cuentan con el apoyo del Instituto de Cultura para el traslado y que realizaron un reconocimiento a nivel provincial. \u201cHac\u00eda muchos a\u00f1os que no iban grupos del norte (al programa) y sobre todo ninguna mujer. Era como pegar un salto importante, a representar a la provincia y a la zona en un canal abierto tan masivo y en un programa que tiene tanta trayectoria y tantos a\u00f1os. Creo que es el programa insignia de lo que es la cumbia a nivel nacional\u201d, finaliz\u00f3.<\/p>\n<p>Pr\u00f3ximos eventos<\/p>\n<p>Christian detall\u00f3 las pr\u00f3ximas presentaciones que tienen con la banda. Este fin de semana, 9 y 10 de septiembre, estar\u00e1n en \u201cEl Santafesino\u201d y en General San Martin. El pr\u00f3ximo, del 16 y 17, estar\u00e1n en La Leonesa. El 23 y 24 en Buenos Aires. Y al regresar, tendr\u00edan una gira por Quitilipi, Corrientes Capital y Paso de la Patria.<\/p>\n<p>Sobre Melyna<\/p>\n<p>Melyna Enriquez, es una cantante en auge tanto a nivel local, como en toda la regi\u00f3n, que se encuentra incursionando en diferentes mercados musicales. Naci\u00f3 en Resistencia, el 13 de Septiembre del 1999.<br \/>\nCon 14 a\u00f1os descubri\u00f3 su amor por la m\u00fasica cantando en la iglesia, y a los 16 a\u00f1os comenz\u00f3 a transitar su carrera musical, pisando importantes escenarios y convirti\u00e9ndose en una artista de proyecci\u00f3n nacional, que consolida su carrera d\u00eda a d\u00eda, haciendo de la m\u00fasica su pasi\u00f3n.<br \/>\nCon 23 a\u00f1os de edad, tiene una innumerable cantidad de trabajos musicales propios y &#8216;covers&#8217; subidos a las redes sociales. En abril present\u00f3 su segundo videoclip llamado \u201c24\/7\u201d, con una gran repercusi\u00f3n. Se trata de su segundo trabajo, que super\u00f3 ampliamente el espacio logrado con su primer videoclip \u201cCicatrices\u201d, ambos v\u00eddeos se convirtieron en tendencia tras su publicaci\u00f3n.<br \/>\nActualmente su recorrido, en ascenso permanente, cautiva a p\u00fablicos de todas las edades, por lo que ofrece una variedad de shows en distintas zonas del pa\u00eds.<\/p><\/div>\n","protected":false},"excerpt":{"rendered":"<p>Melyna Enriquez, joven de Resistencia, participar\u00e1 el pr\u00f3ximo 23 de septiembre en el programa Pasi\u00f3n de S\u00e1bado, el m\u00e1s conocido de la movida tropical. Adem\u00e1s, la trayectoria de la banda fue declarada de inter\u00e9s cultural por el Instituto de Cultura del Chaco. La joven cantante chaque\u00f1a Melyna Enriquez se presentar\u00e1 en la TV nacional el [&hellip;]<\/p>\n","protected":false},"author":1,"featured_media":26644,"comment_status":"closed","ping_status":"closed","sticky":false,"template":"","format":"standard","meta":{"footnotes":""},"categories":[6],"tags":[],"class_list":{"0":"post-26643","1":"post","2":"type-post","3":"status-publish","4":"format-standard","5":"has-post-thumbnail","7":"category-chaco"},"_links":{"self":[{"href":"https:\/\/chacosintesis.com.ar\/index.php\/wp-json\/wp\/v2\/posts\/26643","targetHints":{"allow":["GET"]}}],"collection":[{"href":"https:\/\/chacosintesis.com.ar\/index.php\/wp-json\/wp\/v2\/posts"}],"about":[{"href":"https:\/\/chacosintesis.com.ar\/index.php\/wp-json\/wp\/v2\/types\/post"}],"author":[{"embeddable":true,"href":"https:\/\/chacosintesis.com.ar\/index.php\/wp-json\/wp\/v2\/users\/1"}],"replies":[{"embeddable":true,"href":"https:\/\/chacosintesis.com.ar\/index.php\/wp-json\/wp\/v2\/comments?post=26643"}],"version-history":[{"count":0,"href":"https:\/\/chacosintesis.com.ar\/index.php\/wp-json\/wp\/v2\/posts\/26643\/revisions"}],"wp:featuredmedia":[{"embeddable":true,"href":"https:\/\/chacosintesis.com.ar\/index.php\/wp-json\/wp\/v2\/media\/26644"}],"wp:attachment":[{"href":"https:\/\/chacosintesis.com.ar\/index.php\/wp-json\/wp\/v2\/media?parent=26643"}],"wp:term":[{"taxonomy":"category","embeddable":true,"href":"https:\/\/chacosintesis.com.ar\/index.php\/wp-json\/wp\/v2\/categories?post=26643"},{"taxonomy":"post_tag","embeddable":true,"href":"https:\/\/chacosintesis.com.ar\/index.php\/wp-json\/wp\/v2\/tags?post=26643"}],"curies":[{"name":"wp","href":"https:\/\/api.w.org\/{rel}","templated":true}]}}