{"id":26633,"date":"2023-09-07T23:34:53","date_gmt":"2023-09-08T02:34:53","guid":{"rendered":"https:\/\/chacosintesis.com.ar\/?p=26633"},"modified":"2023-09-07T23:37:46","modified_gmt":"2023-09-08T02:37:46","slug":"capacitacion-para-primeros-respondientes-de-la-red-de-asistencia-a-victimas-de-siniestros-viales","status":"publish","type":"post","link":"https:\/\/chacosintesis.com.ar\/index.php\/capacitacion-para-primeros-respondientes-de-la-red-de-asistencia-a-victimas-de-siniestros-viales\/","title":{"rendered":"Capacitaci\u00f3n para primeros respondientes de la red de asistencia a v\u00edctimas de siniestros viales"},"content":{"rendered":"<div class=\"postie-post\">La red de asistencia para las v\u00edctimas de tr\u00e1nsito y sus familias funciona a trav\u00e9s de la L\u00ednea 149 opci\u00f3n 2. Esta red acompa\u00f1a y asesora de forma gratuita en las instancias posteriores a la emergencia.<br \/>\nEl Ministerio de Seguridad y Justicia de la provincia, informa que el pr\u00f3ximo mi\u00e9rcoles 13, desde las 11 se realizar\u00e1, a trav\u00e9s de la plataforma zoom, la charla virtual \u201cPrimeros Respondientes Red Federal\u201d, destinada a personal de la Administraci\u00f3n P\u00fablica como polic\u00edas, bomberos, integrantes de la Unidad Central de Coordinaci\u00f3n de Emergencias M\u00e9dicas (UCCEM), y trabajadoras y trabajadores de entidades afines.<br \/>\nLa red de asistencia para las v\u00edctimas de tr\u00e1nsito y sus familias funciona a trav\u00e9s de la L\u00ednea 149 opci\u00f3n 2. El dispositivo acompa\u00f1a y asesora de forma gratuita en las instancias posteriores a la emergencia.<br \/>\nLa L\u00ednea brinda asistencia psicol\u00f3gica, jur\u00eddica, asesoramiento sobre servicios sociales, asistencia m\u00e9dica, rehabilitaci\u00f3n, traslados, hospedajes, y ayuda econ\u00f3mica, entre otros recursos.<br \/>\nMediante un convenio marco, la provincia del Chaco se incorpor\u00f3 a la red realizando, adem\u00e1s, en 2021, la presentaci\u00f3n de dicha herramienta.<\/p>\n<p>Acompa\u00f1amiento<\/p>\n<p>A partir de 2020, en la Agencia Nacional de Seguridad Vial comienza a funcionar el Centro de Atenci\u00f3n a la V\u00edctima y Familiares de V\u00edctimas de Siniestros Viales, desde el cual se coordina la Red Federal.<br \/>\nEste se encuentra conformado por personal profesional multidisciplinario altamente capacitado para la atenci\u00f3n espec\u00edfica de v\u00edctimas, brindando orientaci\u00f3n y respuestas a las necesidades surgidas a partir de un hecho vial.<br \/>\nEl canal de atenci\u00f3n pasa a ser brindado por la l\u00ednea 149 opci\u00f3n 2, es de alcance nacional las 24 horas de todos los d\u00edas del a\u00f1o.<\/p>\n<p>Capacitaci\u00f3n<\/p>\n<p>La capacitaci\u00f3n servir\u00e1 para que los agentes que intervienen en los servicios de emergencia de la provincia puedan asistir a una persona que se encuentre en una situaci\u00f3n compleja producto de un siniestro vial.<br \/>\nDurante la capacitaci\u00f3n brindar\u00e1n herramientas para:<br \/>\n&#8211; Dar a conocer a la v\u00edctima\/familiar sus derechos, brindando informaci\u00f3n clara y sencilla para la defensa de los mismos, sin ejercer patrocinio.<br \/>\n&#8211; Evacuar consultas legales y, en caso de ser requerido, se articula con el Centro de Acceso a la Justicia m\u00e1s pr\u00f3ximo al lugar de residencia del solicitante, previa comunicaci\u00f3n con los responsables de dichos centros a fin de concertar una entrevista.<br \/>\n&#8211; Explicar sobre los profesionales que integran esta \u00e1rea trabajan con cada caso en particular, dando cuenta de las singularidades que la demanda plantea de manera impl\u00edcita o expl\u00edcita, autorizando de este modo alg\u00fan tipo de intervenci\u00f3n por parte de los profesionales que integran el equipo de atenci\u00f3n en salud mental.<br \/>\n&#8211; Explicar c\u00f3mo brindar contenci\u00f3n primaria telef\u00f3nica, efectuando una derivaci\u00f3n externa de atenci\u00f3n psicol\u00f3gica personalizada en los casos que lo requieran.<br \/>\n&#8211; Conocer c\u00f3mo brindar informaci\u00f3n sobre tr\u00e1mites relativos a la obtenci\u00f3n de prestaciones sociales, orientando en relaci\u00f3n a la demanda manifestada tanto por la v\u00edctima como por familiares.<br \/>\nQuienes est\u00e9n interesados en asistir a la jornada de formaci\u00f3n virtual, a realizarse el 13 de septiembre desde las 11, deben ingresar en el link.<\/p><\/div>\n","protected":false},"excerpt":{"rendered":"<p>La red de asistencia para las v\u00edctimas de tr\u00e1nsito y sus familias funciona a trav\u00e9s de la L\u00ednea 149 opci\u00f3n 2. Esta red acompa\u00f1a y asesora de forma gratuita en las instancias posteriores a la emergencia. El Ministerio de Seguridad y Justicia de la provincia, informa que el pr\u00f3ximo mi\u00e9rcoles 13, desde las 11 se [&hellip;]<\/p>\n","protected":false},"author":1,"featured_media":26634,"comment_status":"closed","ping_status":"closed","sticky":false,"template":"","format":"standard","meta":{"footnotes":""},"categories":[6],"tags":[],"class_list":{"0":"post-26633","1":"post","2":"type-post","3":"status-publish","4":"format-standard","5":"has-post-thumbnail","7":"category-chaco"},"_links":{"self":[{"href":"https:\/\/chacosintesis.com.ar\/index.php\/wp-json\/wp\/v2\/posts\/26633","targetHints":{"allow":["GET"]}}],"collection":[{"href":"https:\/\/chacosintesis.com.ar\/index.php\/wp-json\/wp\/v2\/posts"}],"about":[{"href":"https:\/\/chacosintesis.com.ar\/index.php\/wp-json\/wp\/v2\/types\/post"}],"author":[{"embeddable":true,"href":"https:\/\/chacosintesis.com.ar\/index.php\/wp-json\/wp\/v2\/users\/1"}],"replies":[{"embeddable":true,"href":"https:\/\/chacosintesis.com.ar\/index.php\/wp-json\/wp\/v2\/comments?post=26633"}],"version-history":[{"count":0,"href":"https:\/\/chacosintesis.com.ar\/index.php\/wp-json\/wp\/v2\/posts\/26633\/revisions"}],"wp:featuredmedia":[{"embeddable":true,"href":"https:\/\/chacosintesis.com.ar\/index.php\/wp-json\/wp\/v2\/media\/26634"}],"wp:attachment":[{"href":"https:\/\/chacosintesis.com.ar\/index.php\/wp-json\/wp\/v2\/media?parent=26633"}],"wp:term":[{"taxonomy":"category","embeddable":true,"href":"https:\/\/chacosintesis.com.ar\/index.php\/wp-json\/wp\/v2\/categories?post=26633"},{"taxonomy":"post_tag","embeddable":true,"href":"https:\/\/chacosintesis.com.ar\/index.php\/wp-json\/wp\/v2\/tags?post=26633"}],"curies":[{"name":"wp","href":"https:\/\/api.w.org\/{rel}","templated":true}]}}