{"id":26621,"date":"2023-09-07T23:26:31","date_gmt":"2023-09-08T02:26:31","guid":{"rendered":"https:\/\/chacosintesis.com.ar\/?p=26621"},"modified":"2023-09-07T23:37:06","modified_gmt":"2023-09-08T02:37:06","slug":"con-mayor-tecnologia-fortalecen-equipos-tecnicos-e-institucionales-del-ministerio-de-desarrollo-social","status":"publish","type":"post","link":"https:\/\/chacosintesis.com.ar\/index.php\/con-mayor-tecnologia-fortalecen-equipos-tecnicos-e-institucionales-del-ministerio-de-desarrollo-social\/","title":{"rendered":"Con mayor tecnolog\u00eda, fortalecen equipos t\u00e9cnicos e institucionales del Ministerio de Desarrollo Social"},"content":{"rendered":"<div class=\"postie-post\">El Ejecutivo incorpor\u00f3 herramientas para mejorar el funcionamiento del Sistema de Protecci\u00f3n Integral de Derechos, m\u00e1s credenciales institucionales identificatorias de quienes trabajan en terreno. Durante la jornada, se entregaron 128 unidades inform\u00e1ticas, entre tablets, notebooks e impresoras y 274 tarjetas de identificaci\u00f3n.<br \/>\nEl Gobierno provincial concret\u00f3 este jueves un acto y jornada de reconocimiento a trabajadoras y a trabajadores de equipos t\u00e9cnicos interdisciplinarios del Ministerio de Desarrollo Social, en especial a quienes se desempe\u00f1an en \u00e1reas operativas de campo, desde donde se abordan distintos tipos de situaciones de vulnerabilidad social.<br \/>\nLa actividad, encabezada por la vicegobernadora Anal\u00eda Rach Quiroga y la ministra de Desarrollo Social Mar\u00eda P\u00eda Chiacchio Cavana, se realiz\u00f3 en la ma\u00f1ana de este jueves, en el sal\u00f3n Obligado de Casa de Gobierno. En la oportunidad, se entregaron 128 unidades inform\u00e1ticas como tablets, notebooks e impresoras a equipos t\u00e9cnicos de diferentes \u00e1reas y se otorgaron 274 credenciales para abordaje territorial.<br \/>\nCon el objetivo de lograr el mejoramiento sustantivo de servicios y pol\u00edticas p\u00fablicas que utilizan Tecnolog\u00edas de la Informaci\u00f3n y la Comunicaci\u00f3n (TICS), aplicadas a procesos administrativos digitales y a tareas operativas, en el marco de la transparencia y la modernizaci\u00f3n del Estado, es que se realiz\u00f3 la entrega de equipos inform\u00e1ticos varios, como de credenciales identificadoras oficiales a equipos de las subsecretar\u00edas y programas del Ministerio de Desarrollo Social. Este tipo de pol\u00edticas p\u00fablicas inclusivas, priorizan y ponderan el desarrollo y potenciaci\u00f3n de la conversi\u00f3n digital administrativa, facilitando variados procesos de almacenamiento y entrecruzamiento de datos informativos relevantes.<br \/>\nLa vicegobernadora Anal\u00eda Rach Quiroga, se refiri\u00f3 a este tipo de entregas vinculadas a la agenda digital, como punto muy importante desde el que el Gobierno del Chaco viene trabajando hace tiempo con distintas \u00e1reas del Poder Ejecutivo, donde las cuestiones de infraestructura digital son fundamentales para la conectividad y para brindar servicios p\u00fablicos de calidad, lo que contempla la atenci\u00f3n y contenci\u00f3n a grupos vulnerables como lo son los adultos mayores, mujeres y ni\u00f1eces. \u201cDefendemos el Estado y creemos en la pol\u00edtica como una herramienta de transformaci\u00f3n de la realidad. La igualdad se construye a partir de un Estado Presente que toma las decisiones, porque el m\u00e9rito solo no alcanza, se requiere el acceso igualitario a las oportunidades en la sociedad\u201d, expres\u00f3.<br \/>\nDe esta manera, desde un Estado Presente se acompa\u00f1a respaldando las tareas territoriales que tienden a mejorar la calidad de vida de la poblaci\u00f3n vulnerable, como a la prevenci\u00f3n de distintas problem\u00e1ticas a futuro.<br \/>\nMaterial inform\u00e1tico para tareas en territorio<br \/>\nSe hizo la entrega de 128 unidades inform\u00e1ticas, entre tablets, notebooks e impresoras, distribuidas para utilizaci\u00f3n de equipos t\u00e9cnicos e interdisciplinarios de las subsecretar\u00edas de Ni\u00f1ez, Adolescencia y Familia, de las Juventudes y Diversidad, de Participaci\u00f3n Ciudadana, de Econom\u00eda y Pol\u00edticas Sociales, y de Personas Adultas Mayores, adem\u00e1s de la Unidad Ejecutora de Pol\u00edticas Sociales. El total de credenciales otorgadas para abordaje territorial fue de 274.<br \/>\nLa ministra Chiacchio Cavana dijo en relaci\u00f3n a las entregas. \u201cpriorizamos a la L\u00edneas de Emergencias 102 y 108, dispositivos de atenci\u00f3n telef\u00f3nica para la contenci\u00f3n de ni\u00f1as, ni\u00f1os, adolescentes y adultos mayores, donde aparecen situaciones de violencia u otros casos de vulneraci\u00f3n de derechos, los requieren intervenir de manera inmediata. Es importante el trabajo territorial de operadoras y operadores comprometidos con el abordaje profesional en terreno, buscando resguardar a las v\u00edctimas, y tambi\u00e9n para promover derechos o restituirlos cuando \u00e9stos han sido vulnerados\u201d.<br \/>\nLa funcionaria explic\u00f3 tambi\u00e9n sobre el funcionamiento del programa Mirame y el servicio de la L\u00ednea 0800-888-6472, para que la ciudadan\u00eda comprometida, pueda dar aviso de personas en situaci\u00f3n de calle, para que a posteriori los equipos acudan a dar respuestas, y para poder darles albergue en dispositivos institucionales si as\u00ed lo desean, hasta establecer la revinculaci\u00f3n familiar o aprender un oficio que les permita vivir con dignidad.<br \/>\nDesarrollo y potenciaci\u00f3n digital administrativa<br \/>\nActualmente los profesionales que realizan tareas de intervenciones en el territorio requieren de equipos inform\u00e1ticos modernos y actualizados que les permita llevar a cabo la articulaci\u00f3n con diferentes organismos interministeriales e intersectoriales.<br \/>\nEstas acciones implican la confecci\u00f3n de informes, a fin de dar respuestas inmediatas a las personas que requieren de asistencia, y es por ello que result\u00f3 necesario dotar a los equipos t\u00e9cnicos e interdisciplinarios, de recursos tecnol\u00f3gicos inform\u00e1ticos.<br \/>\nEste tipo de pol\u00edtica p\u00fablica posibilita llevar adelante acciones m\u00e1s participativas e innovadoras, incorporando el buen uso de las tecnolog\u00edas, ofreciendo accesibilidad y calidad en la atenci\u00f3n a la ciudadan\u00eda, garantizando adem\u00e1s la efectividad de las labores de profesionales y operadores t\u00e9cnicos.<\/div>\n","protected":false},"excerpt":{"rendered":"<p>El Ejecutivo incorpor\u00f3 herramientas para mejorar el funcionamiento del Sistema de Protecci\u00f3n Integral de Derechos, m\u00e1s credenciales institucionales identificatorias de quienes trabajan en terreno. Durante la jornada, se entregaron 128 unidades inform\u00e1ticas, entre tablets, notebooks e impresoras y 274 tarjetas de identificaci\u00f3n. El Gobierno provincial concret\u00f3 este jueves un acto y jornada de reconocimiento a [&hellip;]<\/p>\n","protected":false},"author":1,"featured_media":26622,"comment_status":"closed","ping_status":"closed","sticky":false,"template":"","format":"standard","meta":{"footnotes":""},"categories":[6],"tags":[],"class_list":{"0":"post-26621","1":"post","2":"type-post","3":"status-publish","4":"format-standard","5":"has-post-thumbnail","7":"category-chaco"},"_links":{"self":[{"href":"https:\/\/chacosintesis.com.ar\/index.php\/wp-json\/wp\/v2\/posts\/26621","targetHints":{"allow":["GET"]}}],"collection":[{"href":"https:\/\/chacosintesis.com.ar\/index.php\/wp-json\/wp\/v2\/posts"}],"about":[{"href":"https:\/\/chacosintesis.com.ar\/index.php\/wp-json\/wp\/v2\/types\/post"}],"author":[{"embeddable":true,"href":"https:\/\/chacosintesis.com.ar\/index.php\/wp-json\/wp\/v2\/users\/1"}],"replies":[{"embeddable":true,"href":"https:\/\/chacosintesis.com.ar\/index.php\/wp-json\/wp\/v2\/comments?post=26621"}],"version-history":[{"count":0,"href":"https:\/\/chacosintesis.com.ar\/index.php\/wp-json\/wp\/v2\/posts\/26621\/revisions"}],"wp:featuredmedia":[{"embeddable":true,"href":"https:\/\/chacosintesis.com.ar\/index.php\/wp-json\/wp\/v2\/media\/26622"}],"wp:attachment":[{"href":"https:\/\/chacosintesis.com.ar\/index.php\/wp-json\/wp\/v2\/media?parent=26621"}],"wp:term":[{"taxonomy":"category","embeddable":true,"href":"https:\/\/chacosintesis.com.ar\/index.php\/wp-json\/wp\/v2\/categories?post=26621"},{"taxonomy":"post_tag","embeddable":true,"href":"https:\/\/chacosintesis.com.ar\/index.php\/wp-json\/wp\/v2\/tags?post=26621"}],"curies":[{"name":"wp","href":"https:\/\/api.w.org\/{rel}","templated":true}]}}