{"id":26619,"date":"2023-09-07T23:24:57","date_gmt":"2023-09-08T02:24:57","guid":{"rendered":"https:\/\/chacosintesis.com.ar\/?p=26619"},"modified":"2023-09-07T23:36:59","modified_gmt":"2023-09-08T02:36:59","slug":"capacitaron-a-trabajadores-que-conducen-motocicletas-para-reducir-la-siniestralidad","status":"publish","type":"post","link":"https:\/\/chacosintesis.com.ar\/index.php\/capacitaron-a-trabajadores-que-conducen-motocicletas-para-reducir-la-siniestralidad\/","title":{"rendered":"Capacitaron a trabajadores que conducen motocicletas para reducir la siniestralidad"},"content":{"rendered":"<div class=\"postie-post\">\u201cAbordamos conceptos sobre el uso del casco, equipamiento de protecci\u00f3n, t\u00e9cnicas de frenado y mantenimiento de la moto como partes fundamentales para la seguridad de las motociclistas\u201d, explicaron desde la cartera.<br \/>\nEl Ministerio de Seguridad de la provincia desarroll\u00f3 una capacitaci\u00f3n para trabajadores que se desempe\u00f1en en motocicleta. Buscan reducir la siniestralidad y otorgar conocimientos a los trabajadores.<br \/>\n\u201cDesde la Subsecretar\u00eda de Seguridad Vial y la Agencia Nacional de Seguridad Vial llevamos adelante una capacitaci\u00f3n con el fin de sensibilizar a motociclistas, aumentar la visibilidad social de buenas pr\u00e1cticas y difundir consejos para una conducci\u00f3n segura en motos\u201d, se\u00f1alaron desde las redes sociales del Ministerio.<br \/>\n\u201cAbordamos conceptos sobre el uso del casco, equipamiento de protecci\u00f3n, t\u00e9cnicas de frenado y mantenimiento de la moto como partes fundamentales para la seguridad de las motociclistas\u201d, explicaron.<br \/>\n\u201cM\u00e1s formaci\u00f3n, muchas m\u00e1s seguridad y mejor bienestar para todos y todas\u201d, cerraron.<\/div>\n","protected":false},"excerpt":{"rendered":"<p>\u201cAbordamos conceptos sobre el uso del casco, equipamiento de protecci\u00f3n, t\u00e9cnicas de frenado y mantenimiento de la moto como partes fundamentales para la seguridad de las motociclistas\u201d, explicaron desde la cartera. El Ministerio de Seguridad de la provincia desarroll\u00f3 una capacitaci\u00f3n para trabajadores que se desempe\u00f1en en motocicleta. Buscan reducir la siniestralidad y otorgar conocimientos [&hellip;]<\/p>\n","protected":false},"author":1,"featured_media":26620,"comment_status":"closed","ping_status":"closed","sticky":false,"template":"","format":"standard","meta":{"footnotes":""},"categories":[6],"tags":[],"class_list":{"0":"post-26619","1":"post","2":"type-post","3":"status-publish","4":"format-standard","5":"has-post-thumbnail","7":"category-chaco"},"_links":{"self":[{"href":"https:\/\/chacosintesis.com.ar\/index.php\/wp-json\/wp\/v2\/posts\/26619","targetHints":{"allow":["GET"]}}],"collection":[{"href":"https:\/\/chacosintesis.com.ar\/index.php\/wp-json\/wp\/v2\/posts"}],"about":[{"href":"https:\/\/chacosintesis.com.ar\/index.php\/wp-json\/wp\/v2\/types\/post"}],"author":[{"embeddable":true,"href":"https:\/\/chacosintesis.com.ar\/index.php\/wp-json\/wp\/v2\/users\/1"}],"replies":[{"embeddable":true,"href":"https:\/\/chacosintesis.com.ar\/index.php\/wp-json\/wp\/v2\/comments?post=26619"}],"version-history":[{"count":0,"href":"https:\/\/chacosintesis.com.ar\/index.php\/wp-json\/wp\/v2\/posts\/26619\/revisions"}],"wp:featuredmedia":[{"embeddable":true,"href":"https:\/\/chacosintesis.com.ar\/index.php\/wp-json\/wp\/v2\/media\/26620"}],"wp:attachment":[{"href":"https:\/\/chacosintesis.com.ar\/index.php\/wp-json\/wp\/v2\/media?parent=26619"}],"wp:term":[{"taxonomy":"category","embeddable":true,"href":"https:\/\/chacosintesis.com.ar\/index.php\/wp-json\/wp\/v2\/categories?post=26619"},{"taxonomy":"post_tag","embeddable":true,"href":"https:\/\/chacosintesis.com.ar\/index.php\/wp-json\/wp\/v2\/tags?post=26619"}],"curies":[{"name":"wp","href":"https:\/\/api.w.org\/{rel}","templated":true}]}}