{"id":26603,"date":"2023-09-07T19:07:17","date_gmt":"2023-09-07T22:07:17","guid":{"rendered":"https:\/\/chacosintesis.com.ar\/?p=26603"},"modified":"2023-09-07T19:36:43","modified_gmt":"2023-09-07T22:36:43","slug":"inauguraron-las-instalaciones-del-taller-gabam-textiles","status":"publish","type":"post","link":"https:\/\/chacosintesis.com.ar\/index.php\/inauguraron-las-instalaciones-del-taller-gabam-textiles\/","title":{"rendered":"Inauguraron las instalaciones del taller Gabam Textiles"},"content":{"rendered":"<div class=\"postie-post\">\u201cEl prestigio de los trabajadores y trabajadoras chaque\u00f1as hace tambi\u00e9n a la atracci\u00f3n de inversiones\u201d, destac\u00f3 Capitanich. Compartir Twittear Correo electr\u00f3nico Compartir<br \/>\nEste jueves, el gobernador Jorge Milton Capitanich y el ministro de Producci\u00f3n, Industria y Empleo, Sebasti\u00e1n Lifton, participaron de la Inauguraci\u00f3n de las instalaciones de la empresa Gabam Textiles. \u201cEste taller textil va a generar empleo y trabajo digno para muchos de nuestros trabajadores y trabajadoras\u201d, destac\u00f3 Capitanich.<br \/>\n\u201cTenemos la composici\u00f3n de el desarrollo de toda una cadena textil\u201d, manifest\u00f3 el gobernador y agreg\u00f3: \u201cLa provincia tiene el liderazgo en la producci\u00f3n algodonera en la Rep\u00fablica Argentina y la capacidad y el liderazgo en materia de procesamiento del algod\u00f3n en bruto para convertirla en fibra\u201d.  \u201cTambi\u00e9n tiene una enorme expansi\u00f3n de la producci\u00f3n de hilados y va consolidando progresivamente la estructura de financiamiento para tejedur\u00eda y naturalmente, los talleres textiles\u201d, remarc\u00f3.<br \/>\nEn este sentido, Capitanich expres\u00f3 que \u201cGab\u00e1n realmente ha sido algo extraordinario para nosotros; no especularon desde el primer d\u00eda, tomaron una decisi\u00f3n y se comprometieron a hacerlo\u201d. \u201cEstamos dispuestos a ceder para que ustedes se sigan expandiendo en base al compromiso de inversi\u00f3n\u201d, manifest\u00f3.<br \/>\nAsimismo, el gobernador dijo: \u201cCuenten siempre con un rol del Estado a trav\u00e9s de la promoci\u00f3n industrial, como as\u00ed tambi\u00e9n el financiamiento del fondo para el desarrollo industrial que lo pretendemos ampliar en el periodo 2023 2027 de una manera progresiva\u201d.<br \/>\nPor otra parte, Capitanich destac\u00f3 la capacidad de \u201cgenerar trabajo a partir de procesos de industrializaci\u00f3n en condiciones de incertidumbre y en condiciones adversas\u201d. \u201cEl prestigio de los trabajadores y trabajadoras chaque\u00f1as hace tambi\u00e9n a la atracci\u00f3n de inversiones\u201d, agreg\u00f3.<br \/>\n\u201cNo solamente depende de la promoci\u00f3n industrial y el rol de financiamiento del Estado o la capacidad de provisi\u00f3n de obras de infraestructura, sino tambi\u00e9n depende de la calidad de nuestros trabajadores\u201d, remarc\u00f3 el gobernador y agreg\u00f3: \u201cCuando nuestros trabajadores demuestran calidad, vocaci\u00f3n de servicio y ganas de trabajar, como la tienen, efectivamente vamos transformando las condiciones\u201d.<br \/>\nGabam S.A pertenece a un grupo empresario de Avellaneda (Buenos Aires) que cuenta con 5 a\u00f1os de experiencia en el rubro textil. Su radicaci\u00f3n en la provincia cuenta con el  acompa\u00f1amiento directo del programa \u201cM\u00e1s Empleo\u201d que cubre parte del salario de los nuevos trabajadores durante 2 a\u00f1os.<br \/>\nPor su parte, Luciano Balsano, integrante del directorio de Gabam Textiles expres\u00f3: \u201cestamos muy contentos, estamos entusiasmados y ansiosos por empezar a trabajar y a producir y empezar a generar\u201d.<br \/>\nEn esta ocasi\u00f3n, Balsano cont\u00f3: \u201cMe hab\u00edan dicho todos los beneficios, el desarrollo y el apoyo del Estado que se brindaba para el sector industrial textil\u201d. \u201cLa verdad que igualmente quer\u00eda verlo con mis propios ojos y al tener una reuni\u00f3n con el gobernador y con el ministro de producci\u00f3n, nos dimos cuenta que nos encontramos con un pol\u00edtico que realmente entendi\u00f3 la funci\u00f3n del Estado\u201d, destac\u00f3.<br \/>\n\u201cEjecutar las pol\u00edticas del Estado para desarrollar empleo, para brindar esas herramientas a los sectores que los necesitan, al sector de la industria, a las peque\u00f1as pymes\u201d, enfatiz\u00f3 Balsano. \u201cUn Estado presente que desarrolla pol\u00edticas p\u00fablicas beneficiosas y que termina siendo el vecino el acreedor de esas pol\u00edticas\u201d, remarc\u00f3.<br \/>\n\u201cTambi\u00e9n nos encontramos con una organizaci\u00f3n sindical que tambi\u00e9n entendi\u00f3 que para que ellos tengan compa\u00f1eros, a quienes defender es necesario que la industria y que las empresas crezcan\u201d, manifest\u00f3.<br \/>\nEn la planta de Chaco se especializar\u00e1n en Indumentaria de trabajo (que incluye camisas, pantalones, remeras, camperas livianas y pesadas, mamelucos etc.) y s\u00e1banas en general.<br \/>\nHoy ingresar\u00e1n 30 operarios, incorporando luego 20 operarios por mes hasta llegar a un total de 150 personas. Dentro de la planta industrial, Gabam Textiles cuenta con su propia sala de capacitaci\u00f3n para nuevos operarios.<\/div>\n","protected":false},"excerpt":{"rendered":"<p>\u201cEl prestigio de los trabajadores y trabajadoras chaque\u00f1as hace tambi\u00e9n a la atracci\u00f3n de inversiones\u201d, destac\u00f3 Capitanich. Compartir Twittear Correo electr\u00f3nico Compartir Este jueves, el gobernador Jorge Milton Capitanich y el ministro de Producci\u00f3n, Industria y Empleo, Sebasti\u00e1n Lifton, participaron de la Inauguraci\u00f3n de las instalaciones de la empresa Gabam Textiles. \u201cEste taller textil va [&hellip;]<\/p>\n","protected":false},"author":1,"featured_media":26604,"comment_status":"closed","ping_status":"closed","sticky":false,"template":"","format":"standard","meta":{"footnotes":""},"categories":[6],"tags":[],"class_list":{"0":"post-26603","1":"post","2":"type-post","3":"status-publish","4":"format-standard","5":"has-post-thumbnail","7":"category-chaco"},"_links":{"self":[{"href":"https:\/\/chacosintesis.com.ar\/index.php\/wp-json\/wp\/v2\/posts\/26603","targetHints":{"allow":["GET"]}}],"collection":[{"href":"https:\/\/chacosintesis.com.ar\/index.php\/wp-json\/wp\/v2\/posts"}],"about":[{"href":"https:\/\/chacosintesis.com.ar\/index.php\/wp-json\/wp\/v2\/types\/post"}],"author":[{"embeddable":true,"href":"https:\/\/chacosintesis.com.ar\/index.php\/wp-json\/wp\/v2\/users\/1"}],"replies":[{"embeddable":true,"href":"https:\/\/chacosintesis.com.ar\/index.php\/wp-json\/wp\/v2\/comments?post=26603"}],"version-history":[{"count":0,"href":"https:\/\/chacosintesis.com.ar\/index.php\/wp-json\/wp\/v2\/posts\/26603\/revisions"}],"wp:featuredmedia":[{"embeddable":true,"href":"https:\/\/chacosintesis.com.ar\/index.php\/wp-json\/wp\/v2\/media\/26604"}],"wp:attachment":[{"href":"https:\/\/chacosintesis.com.ar\/index.php\/wp-json\/wp\/v2\/media?parent=26603"}],"wp:term":[{"taxonomy":"category","embeddable":true,"href":"https:\/\/chacosintesis.com.ar\/index.php\/wp-json\/wp\/v2\/categories?post=26603"},{"taxonomy":"post_tag","embeddable":true,"href":"https:\/\/chacosintesis.com.ar\/index.php\/wp-json\/wp\/v2\/tags?post=26603"}],"curies":[{"name":"wp","href":"https:\/\/api.w.org\/{rel}","templated":true}]}}