{"id":26601,"date":"2023-09-07T19:03:13","date_gmt":"2023-09-07T22:03:13","guid":{"rendered":"https:\/\/chacosintesis.com.ar\/?p=26601"},"modified":"2023-09-07T19:07:15","modified_gmt":"2023-09-07T22:07:15","slug":"seguridad-ciudadana-se-inauguro-el-edificio-de-la-nueva-comisaria-en-basail","status":"publish","type":"post","link":"https:\/\/chacosintesis.com.ar\/index.php\/seguridad-ciudadana-se-inauguro-el-edificio-de-la-nueva-comisaria-en-basail\/","title":{"rendered":"Seguridad ciudadana: se inaugur\u00f3 el edificio de la nueva Comisar\u00eda en Basail"},"content":{"rendered":"<div class=\"postie-post\">\u201cEstamos todo el tiempo trabajando para mejorar sus capacidades y para atacar el delito en cualquiera de sus formas\u201d,dijo el gobernador al inaugurar la nueva comisar\u00eda de Basail. Ya se  han remodelado, ampliado o reparado el 76% de las 92 comisar\u00edas de la provincia.<br \/>\nEl gobernador Jorge Capitanich concret\u00f3 este jueves la inauguraci\u00f3n de la nueva Comisar\u00eda para la comuna de Basail. En el acto el gobernador asegur\u00f3 que esta gesti\u00f3n tiene un plan para llegar al a\u00f1o 2024 con la totalidad de los edificios en \u00f3ptimas condiciones para que las y los agentes puedan brindar a la comunidad un servicio de calidad.<br \/>\nCapitanich celebr\u00f3 la habilitaci\u00f3n de esta nueva Comisar\u00eda , implica \u201cseguir garantizando el derecho a la seguridad como lo hemos hecho ampliando, reparando y remodelando el 76% de 92 comisar\u00edas que existen en toda la provincia\u201d.<br \/>\nEl gobernador Capitanich estuvo acompa\u00f1ado por la ministra de Seguridad y Justicia, Gloria Zalazar: el intendente de Basail, Ignacio Rostan; el jefe de la Polic\u00eda del Chaco, Ariela Acu\u00f1a, junto a vecinos y vecinas de esta localidad.<br \/>\nEn este contexto, el gobernador se\u00f1al\u00f3:  \u201cSabemos que la seguridad depende de muchos factores y por eso cada obra que hacemos busca promover tambi\u00e9n mayor seguridad y reducci\u00f3n de delitos\u201d.<br \/>\nY resalt\u00f3: \u201cQueremos una formaci\u00f3n sistem\u00e1tica dentro de la Polic\u00eda, con m\u00e1s recursos, tecnolog\u00eda, infraestructura y que eso signifique conocer el territorio, a las personas, los problemas, conocer las cadenas de valor del delito y saber gestionar el sistema para cumplir objetivos y metas.\u201d<br \/>\n\u201cNos toc\u00f3 gobernar en un per\u00edodo extremadamente cr\u00edtico en esta etapa pero la polic\u00eda tuvo siempre un enorme nivel de fortaleza y compromiso y estamos todo el tiempo trabajando para mejorar sus capacidades y para atacar el delito en cualquiera de sus formas\u201d, enfatiz\u00f3 el gobernador.<br \/>\nPara finalizar, Capitanich resalt\u00f3: \u201cEs muy importante seguir haciendo y nos comprometemos a hacer lo que es necesario hacer para que el pueblo y la comunidad de Basail sientan orgullo de vivir en nuestra tierra chaque\u00f1a con cada vez m\u00e1s y mejores oportunidades\u201d.<\/div>\n","protected":false},"excerpt":{"rendered":"<p>\u201cEstamos todo el tiempo trabajando para mejorar sus capacidades y para atacar el delito en cualquiera de sus formas\u201d,dijo el gobernador al inaugurar la nueva comisar\u00eda de Basail. Ya se han remodelado, ampliado o reparado el 76% de las 92 comisar\u00edas de la provincia. El gobernador Jorge Capitanich concret\u00f3 este jueves la inauguraci\u00f3n de la [&hellip;]<\/p>\n","protected":false},"author":1,"featured_media":26602,"comment_status":"closed","ping_status":"closed","sticky":false,"template":"","format":"standard","meta":{"footnotes":""},"categories":[6],"tags":[],"class_list":{"0":"post-26601","1":"post","2":"type-post","3":"status-publish","4":"format-standard","5":"has-post-thumbnail","7":"category-chaco"},"_links":{"self":[{"href":"https:\/\/chacosintesis.com.ar\/index.php\/wp-json\/wp\/v2\/posts\/26601","targetHints":{"allow":["GET"]}}],"collection":[{"href":"https:\/\/chacosintesis.com.ar\/index.php\/wp-json\/wp\/v2\/posts"}],"about":[{"href":"https:\/\/chacosintesis.com.ar\/index.php\/wp-json\/wp\/v2\/types\/post"}],"author":[{"embeddable":true,"href":"https:\/\/chacosintesis.com.ar\/index.php\/wp-json\/wp\/v2\/users\/1"}],"replies":[{"embeddable":true,"href":"https:\/\/chacosintesis.com.ar\/index.php\/wp-json\/wp\/v2\/comments?post=26601"}],"version-history":[{"count":0,"href":"https:\/\/chacosintesis.com.ar\/index.php\/wp-json\/wp\/v2\/posts\/26601\/revisions"}],"wp:featuredmedia":[{"embeddable":true,"href":"https:\/\/chacosintesis.com.ar\/index.php\/wp-json\/wp\/v2\/media\/26602"}],"wp:attachment":[{"href":"https:\/\/chacosintesis.com.ar\/index.php\/wp-json\/wp\/v2\/media?parent=26601"}],"wp:term":[{"taxonomy":"category","embeddable":true,"href":"https:\/\/chacosintesis.com.ar\/index.php\/wp-json\/wp\/v2\/categories?post=26601"},{"taxonomy":"post_tag","embeddable":true,"href":"https:\/\/chacosintesis.com.ar\/index.php\/wp-json\/wp\/v2\/tags?post=26601"}],"curies":[{"name":"wp","href":"https:\/\/api.w.org\/{rel}","templated":true}]}}