{"id":26599,"date":"2023-09-07T19:01:29","date_gmt":"2023-09-07T22:01:29","guid":{"rendered":"https:\/\/chacosintesis.com.ar\/?p=26599"},"modified":"2023-09-07T19:07:09","modified_gmt":"2023-09-07T22:07:09","slug":"forestadoras-mujeres-y-diversidades-podran-capacitarse-en-oficios-vinculados-a-la-jardineria-y-espacios-verdes","status":"publish","type":"post","link":"https:\/\/chacosintesis.com.ar\/index.php\/forestadoras-mujeres-y-diversidades-podran-capacitarse-en-oficios-vinculados-a-la-jardineria-y-espacios-verdes\/","title":{"rendered":"\u201cForestadoras\u201d: mujeres y diversidades podr\u00e1n capacitarse en oficios vinculados a la jardiner\u00eda y espacios verdes"},"content":{"rendered":"<div class=\"postie-post\">Las capacitaciones que ofrece esta pol\u00edtica p\u00fablica, ser\u00e1 una oportunidad para obtener habilidades laborales que pueden generar empleo, siendo uno de los derechos fundamentales e indispensables para la garant\u00eda de otros derechos humanos.<br \/>\nEl gobierno provincial puso en marcha, este jueves 7, el programa \u201cForestadoras\u201d, una iniciativa que tiene el objetivo de promover la igualdad de oportunidades en el acceso al mundo laboral, a trav\u00e9s de capacitaciones en los oficios vinculados a la forestaci\u00f3n, jardiner\u00eda, plantaciones, cuidados de espacios verdes tanto p\u00fablicos como privados, propiciando la independencia econ\u00f3mica.<br \/>\nEl acto de lanzamiento del programa, que se realiz\u00f3 en el Sal\u00f3n Obligado de Casa de Gobierno, fue encabezado por la vicegobernadora Anal\u00eda Rach Quiroga; la Secretar\u00eda de Derechos Humanos y G\u00e9nero, Silvana P\u00e9rez; la subsecretar\u00eda de la Articulaci\u00f3n de la Obra P\u00fablica, Florencia Medrano; el presidente del Instituto de Investigaciones Forestales y Agropecuarias, Gustavo Leiva; y el presidente del Centro Interdisciplinario de Estudios Territoriales, Hugo Martina.<br \/>\nEl programa \u201cForestadoras\u201d se implementa en el marco de un convenio realizado en conjunto por el Ministerio de Planificaci\u00f3n, Econom\u00eda e Infraestructura, a cargo de Santiago P\u00e9rez Pons, en conjunto con la Secretar\u00eda de Derechos Humanos y G\u00e9nero, el Instituto de Investigaciones Forestales y Agropecuarias y el Centro Interdisciplinario de Estudios Territoriales.<br \/>\n\u201cDesde el gobierno provincial llevamos adelante un ambicioso plan de obras p\u00fablicas que, en un gran porcentaje, incluye parquizado y mantenimiento de espacios verdes. En ese contexto, y continuando el camino iniciado con el Programa Constructoras, ponemos en marcha estas capacitaciones en oficios vinculados a la forestaci\u00f3n, jardiner\u00eda, plantaciones y otros m\u00e1s en dicho rubro\u201d, destac\u00f3 Rach Quiroga.<br \/>\nCon la puesta en marcha del programa \u201cForestadoras\u201d \u201cqueremos promover la igualdad de oportunidades en el acceso a la formaci\u00f3n t\u00e9cnico profesional y al mundo laboral, propiciando la independencia econ\u00f3mica y el cuidado de la casa com\u00fan\u201d, agreg\u00f3 la vicegobernadora.<br \/>\nDel acto de lanzamiento tambi\u00e9n participaron integrantes del equipo t\u00e9cnico de la Direcci\u00f3n de Econom\u00eda, Igualdad y G\u00e9nero; la colaboradora del Centro Interdisciplinario de Estudios Territoriales, Cristina Magnano; el equipo capacitador del IIFA; personas a capacitarse y miembros del CIET y mujeres participantes del Programa \u2018\u2019Constructoras\u2019\u2019.<br \/>\nDetalles del programa \u201cForestadoras\u201d<br \/>\nA trav\u00e9s del Programa, el gobierno provincial contempla la importancia de la formaci\u00f3n de personal t\u00e9cnico especializado en jardiner\u00eda, plantaciones, cuidados de espacios verdes tanto p\u00fablicos como privados, teniendo en cuenta el rol fundamental que cumplen en el desarrollo y cuidado de estas \u00e1reas. \u201cEste programa nos permite, adem\u00e1s de realizar obra p\u00fablica en el ministerio tambi\u00e9n poder capacitar a mujeres y diversidades que quedaban afuera de trabajos formales, en particular que generaban mayor capacidad de ingreso\u201d, explic\u00f3 la subsecretaria de la Articulaci\u00f3n de la Obra P\u00fablica, dependiente del MinPEI, Florencia Medrano.<br \/>\nDe esta manera, las capacitaciones que ofrece esta pol\u00edtica p\u00fablica ser\u00e1 una oportunidad para obtener habilidades laborales que pueden generar empleo, siendo uno de los derechos fundamentales e indispensables para la realizaci\u00f3n de otros derechos humanos.<br \/>\nHay que destacar que \u201cForestadoras\u201d forma parte de los objetivos generales del Gobierno del Chaco, de promover la igualdad de oportunidades en el acceso al mundo laboral, a trav\u00e9s de capacitaciones en los oficios vinculados a la forestaci\u00f3n, jardiner\u00eda, plantaciones, cuidados de espacios verdes tanto p\u00fablicos como privados, propiciando la independencia econ\u00f3mica. El mismo, es considerado como un factor fundamental para el desarrollo y el cuidado de los espacios verdes a trav\u00e9s de mano de obra calificada.<br \/>\nEn esa l\u00ednea, desde IFA, el presidente del Instituto, Gustavo Leiva se\u00f1al\u00f3: \u201cVamos a aportar capacitaci\u00f3n, infraestructura, todo lo que tenga que ver en la formaci\u00f3n de trabajo para que distintas personas puedan tener una herramienta m\u00e1s para poder defenderse en los diferentes lugares en donde viven\u201d.<br \/>\nA su turno, la secretaria de Derechos Humanos y G\u00e9neros, Silvana P\u00e9rez, destac\u00f3: \u201cEste convenio es parte de un programa que tiene que ver con un plan de igualdad que se ejecuta en la provincia, por decisi\u00f3n pol\u00edtica del Gobernador, de la Vicegobernadora y del ministro P\u00e9rez Pons\u201d. Adem\u00e1s, agreg\u00f3: \u201cEste gobierno trabaja en una mirada con inclusi\u00f3n y un futuro posible para los j\u00f3venes y las j\u00f3venes, pero ese futuro pensado en cuidar aspectos fundamentales como son el ambiente y generar una transformaci\u00f3n en la empleabilidad\u201d concluy\u00f3.<br \/>\nAsimismo, el gobierno provincial contin\u00faa avanzando para incorporar como pol\u00edtica p\u00fablica la promoci\u00f3n y ejecuci\u00f3n de capacitaciones, destinadas a una correcta articulaci\u00f3n y oficio para el desarrollo de espacios verdes, teniendo en cuenta la importancia y el impacto positivo que generar\u00eda en el ambiente y, la fomentaci\u00f3n de trabajo.<\/div>\n","protected":false},"excerpt":{"rendered":"<p>Las capacitaciones que ofrece esta pol\u00edtica p\u00fablica, ser\u00e1 una oportunidad para obtener habilidades laborales que pueden generar empleo, siendo uno de los derechos fundamentales e indispensables para la garant\u00eda de otros derechos humanos. El gobierno provincial puso en marcha, este jueves 7, el programa \u201cForestadoras\u201d, una iniciativa que tiene el objetivo de promover la igualdad [&hellip;]<\/p>\n","protected":false},"author":1,"featured_media":26600,"comment_status":"closed","ping_status":"closed","sticky":false,"template":"","format":"standard","meta":{"footnotes":""},"categories":[6],"tags":[],"class_list":{"0":"post-26599","1":"post","2":"type-post","3":"status-publish","4":"format-standard","5":"has-post-thumbnail","7":"category-chaco"},"_links":{"self":[{"href":"https:\/\/chacosintesis.com.ar\/index.php\/wp-json\/wp\/v2\/posts\/26599","targetHints":{"allow":["GET"]}}],"collection":[{"href":"https:\/\/chacosintesis.com.ar\/index.php\/wp-json\/wp\/v2\/posts"}],"about":[{"href":"https:\/\/chacosintesis.com.ar\/index.php\/wp-json\/wp\/v2\/types\/post"}],"author":[{"embeddable":true,"href":"https:\/\/chacosintesis.com.ar\/index.php\/wp-json\/wp\/v2\/users\/1"}],"replies":[{"embeddable":true,"href":"https:\/\/chacosintesis.com.ar\/index.php\/wp-json\/wp\/v2\/comments?post=26599"}],"version-history":[{"count":0,"href":"https:\/\/chacosintesis.com.ar\/index.php\/wp-json\/wp\/v2\/posts\/26599\/revisions"}],"wp:featuredmedia":[{"embeddable":true,"href":"https:\/\/chacosintesis.com.ar\/index.php\/wp-json\/wp\/v2\/media\/26600"}],"wp:attachment":[{"href":"https:\/\/chacosintesis.com.ar\/index.php\/wp-json\/wp\/v2\/media?parent=26599"}],"wp:term":[{"taxonomy":"category","embeddable":true,"href":"https:\/\/chacosintesis.com.ar\/index.php\/wp-json\/wp\/v2\/categories?post=26599"},{"taxonomy":"post_tag","embeddable":true,"href":"https:\/\/chacosintesis.com.ar\/index.php\/wp-json\/wp\/v2\/tags?post=26599"}],"curies":[{"name":"wp","href":"https:\/\/api.w.org\/{rel}","templated":true}]}}