{"id":26587,"date":"2023-09-07T18:36:56","date_gmt":"2023-09-07T21:36:56","guid":{"rendered":"https:\/\/chacosintesis.com.ar\/?p=26587"},"modified":"2023-09-07T19:06:39","modified_gmt":"2023-09-07T22:06:39","slug":"flor-freijo-dara-una-charla-sobre-la-construccion-de-vinculos-afectivos-mas-igualitarios","status":"publish","type":"post","link":"https:\/\/chacosintesis.com.ar\/index.php\/flor-freijo-dara-una-charla-sobre-la-construccion-de-vinculos-afectivos-mas-igualitarios\/","title":{"rendered":"Flor Freijo dar\u00e1 una charla sobre la \u201cconstrucci\u00f3n de v\u00ednculos afectivos m\u00e1s igualitarios\u201d"},"content":{"rendered":"<div class=\"postie-post\">La disertaci\u00f3n ser\u00e1 en el Espacio Azul del Domo del Centenario, a las 19. La entrada es libre y gratuita.<br \/>\nEste domingo 10 de septiembre, a las 19, en el Espacio Azul de la Feria Iberoamericana del Libro del Chaco (FILC) la reconocida escritora y feminista Flor Freijo brindar\u00e1 una charla titulada \u201cDi\u00e1logos que nos debemos para construir v\u00ednculos afectivos m\u00e1s igualitarios\u201d. Al igual que todas las actividades de la feria, la entrada es libre y gratuita.<br \/>\nMar\u00eda Florencia (Flor, como se la conoce) Freijo naci\u00f3 en Mar del Plata en 1987. Es licenciada en Ciencia Pol\u00edtica y est\u00e1 especializada en perspectiva de g\u00e9nero en el sistema de justicia por la Universidad de Buenos Aires (UBA). Se desempe\u00f1a como asesora legislativa. En redes sociales, es divulgadora digital de contenidos a trav\u00e9s de su cuenta @florfreijo, donde tiene m\u00e1s de 350 mil seguidores.<br \/>\nTrabaj\u00f3 en la Argentina, Paraguay, Ecuador y Alemania en temas referidos al desarrollo humanitario y el acceso a derechos humanos. Dio charlas en la Universidad Complutense de Madrid, en la Universidad Nacional de Buenos Aires y en diversas universidades del resto de Argentina.<br \/>\nEs autora de \u201cSolas, aun acompa\u00f1adas\u201d (2019) y de \u201c(Mal) Educadas\u201d (Planeta, 2020), que lleva m\u00e1s de trece ediciones, adem\u00e1s de publicarse en Espa\u00f1a, Colombia, M\u00e9xico, Uruguay, Per\u00fa y Chile.<br \/>\nFILC 2023<br \/>\nLa Feria se llevar\u00e1 adelante hasta el 10 de septiembre en el Domo del Centenario de Resistencia, bajo el lema \u201cLeer en democracia\u201d. Organizada por la Fundaci\u00f3n del Libro y la Cultura y el Gobierno de la Provincia del Chaco a trav\u00e9s del Instituto de Cultura (ICCH), junto a los ministerios de Educaci\u00f3n y de Planificaci\u00f3n, Econom\u00eda e Infraestructura, esta prestigiosa Feria celebra m\u00e1s de quince a\u00f1os de trayectoria.<br \/>\nChaco es la \u00fanica provincia del pa\u00eds que aplica la propuesta del libro a mitad de precio. Los libros con descuentos del 50% es una acci\u00f3n generada por el Gobierno del Chaco y un claro apoyo al fortalecimiento de las industrias culturales locales. De esta edici\u00f3n 2023 participan Librer\u00eda y Editorial De La Paz, Librer\u00eda y Papeler\u00eda Casa Garc\u00eda, Ediciones Paulinas, Librer\u00eda Las Ca\u00f1itas, Librer\u00eda El \u00c1rbol Amarillo, Editorial Eudene \u2013 Universidad Nacional del Nordeste, Editorial Literatura Tropical, Editorial Uncaus, Editorial y Librer\u00eda Contexto, y Milka Libros.<br \/>\nLa grilla completa de actividades de la feria puede consultarse en <a href=\"https:\/\/www.filchaco.com.ar\/\">www.filchaco.com.ar\/<\/a><\/div>\n","protected":false},"excerpt":{"rendered":"<p>La disertaci\u00f3n ser\u00e1 en el Espacio Azul del Domo del Centenario, a las 19. La entrada es libre y gratuita. Este domingo 10 de septiembre, a las 19, en el Espacio Azul de la Feria Iberoamericana del Libro del Chaco (FILC) la reconocida escritora y feminista Flor Freijo brindar\u00e1 una charla titulada \u201cDi\u00e1logos que nos [&hellip;]<\/p>\n","protected":false},"author":1,"featured_media":26588,"comment_status":"closed","ping_status":"closed","sticky":false,"template":"","format":"standard","meta":{"footnotes":""},"categories":[6],"tags":[],"class_list":{"0":"post-26587","1":"post","2":"type-post","3":"status-publish","4":"format-standard","5":"has-post-thumbnail","7":"category-chaco"},"_links":{"self":[{"href":"https:\/\/chacosintesis.com.ar\/index.php\/wp-json\/wp\/v2\/posts\/26587","targetHints":{"allow":["GET"]}}],"collection":[{"href":"https:\/\/chacosintesis.com.ar\/index.php\/wp-json\/wp\/v2\/posts"}],"about":[{"href":"https:\/\/chacosintesis.com.ar\/index.php\/wp-json\/wp\/v2\/types\/post"}],"author":[{"embeddable":true,"href":"https:\/\/chacosintesis.com.ar\/index.php\/wp-json\/wp\/v2\/users\/1"}],"replies":[{"embeddable":true,"href":"https:\/\/chacosintesis.com.ar\/index.php\/wp-json\/wp\/v2\/comments?post=26587"}],"version-history":[{"count":0,"href":"https:\/\/chacosintesis.com.ar\/index.php\/wp-json\/wp\/v2\/posts\/26587\/revisions"}],"wp:featuredmedia":[{"embeddable":true,"href":"https:\/\/chacosintesis.com.ar\/index.php\/wp-json\/wp\/v2\/media\/26588"}],"wp:attachment":[{"href":"https:\/\/chacosintesis.com.ar\/index.php\/wp-json\/wp\/v2\/media?parent=26587"}],"wp:term":[{"taxonomy":"category","embeddable":true,"href":"https:\/\/chacosintesis.com.ar\/index.php\/wp-json\/wp\/v2\/categories?post=26587"},{"taxonomy":"post_tag","embeddable":true,"href":"https:\/\/chacosintesis.com.ar\/index.php\/wp-json\/wp\/v2\/tags?post=26587"}],"curies":[{"name":"wp","href":"https:\/\/api.w.org\/{rel}","templated":true}]}}