{"id":26585,"date":"2023-09-07T18:35:57","date_gmt":"2023-09-07T21:35:57","guid":{"rendered":"https:\/\/chacosintesis.com.ar\/?p=26585"},"modified":"2023-09-07T18:37:17","modified_gmt":"2023-09-07T21:37:17","slug":"filc-flow-bandas-emergentes-presentaran-lo-mejor-del-rap-y-trap-chaqueno","status":"publish","type":"post","link":"https:\/\/chacosintesis.com.ar\/index.php\/filc-flow-bandas-emergentes-presentaran-lo-mejor-del-rap-y-trap-chaqueno\/","title":{"rendered":"FILC Flow: bandas emergentes presentar\u00e1n lo mejor del rap y trap chaque\u00f1o"},"content":{"rendered":"<div class=\"postie-post\">El pr\u00f3ximo s\u00e1bado 9, desde las 21, se presentar\u00e1n en el escenario Blood, Poxxi, Not Criu, Alon y Negroovs.<br \/>\nEste s\u00e1bado 9 de septiembre, a las 21, en el Espacio Azul de la Feria Iberoamericana del Libro del Chaco (FILC) distintas bandas chaque\u00f1as dar\u00e1n un show mostrando lo mejor del rap y el trap en homenaje al g\u00e9nero urbano. Se presentar\u00e1n en el escenario Blood, Poxxi, Not Criu, Alon y Negroovs. Al igual que todas las actividades de la feria, la entrada es libre y gratuita.<br \/>\nLa Feria se llevar\u00e1 adelante hasta el 10 de septiembre en el Domo del Centenario de Resistencia, bajo el lema \u201cLeer en democracia\u201d. Organizada por la Fundaci\u00f3n del Libro y la Cultura y el Gobierno de la Provincia del Chaco a trav\u00e9s del Instituto de Cultura (ICCH), junto a los ministerios de Educaci\u00f3n y de Planificaci\u00f3n, Econom\u00eda e Infraestructura, esta prestigiosa Feria celebra m\u00e1s de quince a\u00f1os de trayectoria.<br \/>\nChaco es la \u00fanica provincia del pa\u00eds que aplica la propuesta del libro a mitad de precio. Los libros con descuentos del 50% es una acci\u00f3n generada por el Gobierno del Chaco y un claro apoyo al fortalecimiento de las industrias culturales locales. De esta edici\u00f3n 2023 participan Librer\u00eda y Editorial De La Paz, Librer\u00eda y Papeler\u00eda Casa Garc\u00eda, Ediciones Paulinas, Librer\u00eda Las Ca\u00f1itas, Librer\u00eda El \u00c1rbol Amarillo, Editorial Eudene \u2013 Universidad Nacional del Nordeste, Editorial Literatura Tropical, Editorial Uncaus, Editorial y Librer\u00eda Contexto, y Milka Libros.<br \/>\nLa grilla completa de actividades de la feria puede consultarse en <a href=\"https:\/\/www.filchaco.com.ar\/\">www.filchaco.com.ar\/<\/a><\/div>\n","protected":false},"excerpt":{"rendered":"<p>El pr\u00f3ximo s\u00e1bado 9, desde las 21, se presentar\u00e1n en el escenario Blood, Poxxi, Not Criu, Alon y Negroovs. Este s\u00e1bado 9 de septiembre, a las 21, en el Espacio Azul de la Feria Iberoamericana del Libro del Chaco (FILC) distintas bandas chaque\u00f1as dar\u00e1n un show mostrando lo mejor del rap y el trap en [&hellip;]<\/p>\n","protected":false},"author":1,"featured_media":26586,"comment_status":"closed","ping_status":"closed","sticky":false,"template":"","format":"standard","meta":{"footnotes":""},"categories":[6],"tags":[],"class_list":{"0":"post-26585","1":"post","2":"type-post","3":"status-publish","4":"format-standard","5":"has-post-thumbnail","7":"category-chaco"},"_links":{"self":[{"href":"https:\/\/chacosintesis.com.ar\/index.php\/wp-json\/wp\/v2\/posts\/26585","targetHints":{"allow":["GET"]}}],"collection":[{"href":"https:\/\/chacosintesis.com.ar\/index.php\/wp-json\/wp\/v2\/posts"}],"about":[{"href":"https:\/\/chacosintesis.com.ar\/index.php\/wp-json\/wp\/v2\/types\/post"}],"author":[{"embeddable":true,"href":"https:\/\/chacosintesis.com.ar\/index.php\/wp-json\/wp\/v2\/users\/1"}],"replies":[{"embeddable":true,"href":"https:\/\/chacosintesis.com.ar\/index.php\/wp-json\/wp\/v2\/comments?post=26585"}],"version-history":[{"count":0,"href":"https:\/\/chacosintesis.com.ar\/index.php\/wp-json\/wp\/v2\/posts\/26585\/revisions"}],"wp:featuredmedia":[{"embeddable":true,"href":"https:\/\/chacosintesis.com.ar\/index.php\/wp-json\/wp\/v2\/media\/26586"}],"wp:attachment":[{"href":"https:\/\/chacosintesis.com.ar\/index.php\/wp-json\/wp\/v2\/media?parent=26585"}],"wp:term":[{"taxonomy":"category","embeddable":true,"href":"https:\/\/chacosintesis.com.ar\/index.php\/wp-json\/wp\/v2\/categories?post=26585"},{"taxonomy":"post_tag","embeddable":true,"href":"https:\/\/chacosintesis.com.ar\/index.php\/wp-json\/wp\/v2\/tags?post=26585"}],"curies":[{"name":"wp","href":"https:\/\/api.w.org\/{rel}","templated":true}]}}