{"id":26570,"date":"2023-09-07T18:11:32","date_gmt":"2023-09-07T21:11:32","guid":{"rendered":"https:\/\/chacosintesis.com.ar\/?p=26570"},"modified":"2023-09-07T18:36:41","modified_gmt":"2023-09-07T21:36:41","slug":"la-persona-que-esta-sufriendo-necesita-que-alguien-la-acompane-y-eso-no-necesariamente-es-un-profesional-en-salud-mental","status":"publish","type":"post","link":"https:\/\/chacosintesis.com.ar\/index.php\/la-persona-que-esta-sufriendo-necesita-que-alguien-la-acompane-y-eso-no-necesariamente-es-un-profesional-en-salud-mental\/","title":{"rendered":"\u201cLa persona que est\u00e1 sufriendo necesita que alguien la acompa\u00f1e y eso no necesariamente es un profesional en salud mental&#8221;"},"content":{"rendered":"<div class=\"postie-post\">Jessica Sabao, de la Mesa Provincial de Prevenci\u00f3n del Suicidio (MP N\u00b0 253) inform\u00f3 que muchos pa\u00edses de todo el mundo reconocen este mes como un momento para enfatizar las campa\u00f1as de difusi\u00f3n y el acompa\u00f1amiento a la tem\u00e1tica.<br \/>\nSeptiembre es el mes de la concientizaci\u00f3n sobre la prevenci\u00f3n del suicidio. Durante este per\u00edodo, muchos pa\u00edses de todo el mundo reconocen este mes como un momento para enfatizar las campa\u00f1as de difusi\u00f3n y el acompa\u00f1amiento a la tem\u00e1tica. Jessica Sabao, quien forma parte de la Mesa Provincial de Prevenci\u00f3n del Suicidio (MP N\u00b0 253), dialog\u00f3 con Chaco TV sobre c\u00f3mo es el trabajo que se realiza y c\u00f3mo se busca advertir a los distintos sectores con los que convergen.<br \/>\nSabao, quien trabaja desde el 2014 con el programa de prevenci\u00f3n en la adolescencia y desde el 2019 con la mesa intersectorial, explic\u00f3 c\u00f3mo buscan abordar la tem\u00e1tica. \u201cFuncionamos acompa\u00f1ando a los equipos de los diferentes sectores. Se llama prevenci\u00f3n y posvenci\u00f3n porque tiene que ver con articular y pensar estrategias de acompa\u00f1amiento. No abordamos los casos\u201d, detall\u00f3.<br \/>\nSobre este tema, tambi\u00e9n explic\u00f3 que generalmente se encuentran con \u201cmitos\u201d dentro de los sectores en donde trabajan. \u201cHay muchos mitos en relaci\u00f3n a esto. Muchas veces pensamos que ya est\u00e1n elaboradas algunas cuestiones, pero siempre hay algunas resistencias en los equipos con los que trabajamos. Hay prejuicios como que el suicidio es algo que no se puede advertir o prevenir\u201d, expres\u00f3.<br \/>\nSiguiendo por la misma l\u00ednea, Sabao dijo: \u201cSi uno puede ver que est\u00e1 dentro de las cadenas de violencia y de la complejidad que implica llegar a una situaci\u00f3n de autolesi\u00f3n, uno puede advertir muchas situaciones\u201d. En ese sentido, explic\u00f3 ese tipo de indicios se pueden percibir a partir de las pericias psicol\u00f3gicas, de las cuales ha podido participar. Estas se realizan al c\u00edrculo m\u00e1s cercano de la persona que se suicid\u00f3 para luego ser analizadas detenidamente.<br \/>\nSobre las v\u00edctimas, Sabao expres\u00f3: \u201cTodos tienen factores de riesgo y patrones que nos permiten pensar, quiz\u00e1s no en un perfil de la persona que se va a suicidar o que se va a autolesionar, pero si podemos pensar que hay una conexi\u00f3n que habilita y acompa\u00f1a determinadas situaciones de malestar y sufrimiento y donde la persona quiere terminar de alguna forma con eso que le est\u00e1 pasando\u201d.<br \/>\nPor \u00faltimo, Sabao manifest\u00f3: \u201cEs muy importante que podamos hablar del tema, que todos podamos informarnos de que se puede hacer\u201d. Adem\u00e1s, agreg\u00f3: \u201cLa persona que est\u00e1 sufriendo necesita que alguien la acompa\u00f1e y eso no necesariamente es un profesional en salud mental. Cuando una persona est\u00e1 sufriendo tiene dificultades para ponerlo en palabras\u201d. En este sentido, destac\u00f3 que muchas veces es una persona del c\u00edrculo cercano a quien se anima a cont\u00e1rselo. \u201cEse es el primer paso para empezar a contener y acompa\u00f1ar a una persona\u201d, concluy\u00f3. Las l\u00edneas de atenci\u00f3n, que funcionan las 24 horas, son: 362-4818825 o 362-4618432. \u201cPuede llamar cualquier persona. Hay mucha informaci\u00f3n para poder contener a cada persona\u201d<\/div>\n","protected":false},"excerpt":{"rendered":"<p>Jessica Sabao, de la Mesa Provincial de Prevenci\u00f3n del Suicidio (MP N\u00b0 253) inform\u00f3 que muchos pa\u00edses de todo el mundo reconocen este mes como un momento para enfatizar las campa\u00f1as de difusi\u00f3n y el acompa\u00f1amiento a la tem\u00e1tica. Septiembre es el mes de la concientizaci\u00f3n sobre la prevenci\u00f3n del suicidio. Durante este per\u00edodo, muchos [&hellip;]<\/p>\n","protected":false},"author":1,"featured_media":26571,"comment_status":"closed","ping_status":"closed","sticky":false,"template":"","format":"standard","meta":{"footnotes":""},"categories":[6],"tags":[],"class_list":{"0":"post-26570","1":"post","2":"type-post","3":"status-publish","4":"format-standard","5":"has-post-thumbnail","7":"category-chaco"},"_links":{"self":[{"href":"https:\/\/chacosintesis.com.ar\/index.php\/wp-json\/wp\/v2\/posts\/26570","targetHints":{"allow":["GET"]}}],"collection":[{"href":"https:\/\/chacosintesis.com.ar\/index.php\/wp-json\/wp\/v2\/posts"}],"about":[{"href":"https:\/\/chacosintesis.com.ar\/index.php\/wp-json\/wp\/v2\/types\/post"}],"author":[{"embeddable":true,"href":"https:\/\/chacosintesis.com.ar\/index.php\/wp-json\/wp\/v2\/users\/1"}],"replies":[{"embeddable":true,"href":"https:\/\/chacosintesis.com.ar\/index.php\/wp-json\/wp\/v2\/comments?post=26570"}],"version-history":[{"count":0,"href":"https:\/\/chacosintesis.com.ar\/index.php\/wp-json\/wp\/v2\/posts\/26570\/revisions"}],"wp:featuredmedia":[{"embeddable":true,"href":"https:\/\/chacosintesis.com.ar\/index.php\/wp-json\/wp\/v2\/media\/26571"}],"wp:attachment":[{"href":"https:\/\/chacosintesis.com.ar\/index.php\/wp-json\/wp\/v2\/media?parent=26570"}],"wp:term":[{"taxonomy":"category","embeddable":true,"href":"https:\/\/chacosintesis.com.ar\/index.php\/wp-json\/wp\/v2\/categories?post=26570"},{"taxonomy":"post_tag","embeddable":true,"href":"https:\/\/chacosintesis.com.ar\/index.php\/wp-json\/wp\/v2\/tags?post=26570"}],"curies":[{"name":"wp","href":"https:\/\/api.w.org\/{rel}","templated":true}]}}