{"id":26562,"date":"2023-09-07T18:03:25","date_gmt":"2023-09-07T21:03:25","guid":{"rendered":"https:\/\/chacosintesis.com.ar\/?p=26562"},"modified":"2023-09-07T18:07:34","modified_gmt":"2023-09-07T21:07:34","slug":"martina-en-el-tiempo-que-vivimos-el-concepto-de-obra-publica-no-termina-con-la-construccion-del-edificio","status":"publish","type":"post","link":"https:\/\/chacosintesis.com.ar\/index.php\/martina-en-el-tiempo-que-vivimos-el-concepto-de-obra-publica-no-termina-con-la-construccion-del-edificio\/","title":{"rendered":"Martina: \u201cEn el tiempo que vivimos, el concepto de obra p\u00fablica no termina con la construcci\u00f3n del edificio\u201d"},"content":{"rendered":"<div class=\"postie-post\">El presidente del Centro Interdisciplinario de Estudios Territoriales habl\u00f3 sobre la firma del convenio de colaboraci\u00f3n para el lanzamiento del programa Forestadoras. La iniciativa busca promover la igualdad de oportunidades y el acceso al mundo laboral.<br \/>\nHugo Martina, presidente del Centro Interdisciplinario de Estudios Territoriales, dialog\u00f3 con Radio Provincia del Chaco sobre la firma del convenio de colaboraci\u00f3n para el lanzamiento del programa Forestadoras. \u201cEstamos cumpliendo un paso m\u00e1s en la articulaci\u00f3n de actividades desde el mundo de la sociedad civil con organismos del Estado\u201d, expres\u00f3. La iniciativa busca promover la igualdad de oportunidades y el acceso al mundo laboral.<br \/>\nEn este sentido, Martina expres\u00f3 que \u201ces un desaf\u00edo\u201d el trabajar conjuntamente con los organismos del Estado dado que tienen una \u201cmanera de trabajar diferente. No obstante, manifest\u00f3: \u201cCuando hay predisposici\u00f3n, ganas y objetivos comunes, se logra. El programa Forestadoras es muestra de ello\u201d. Asimismo, explic\u00f3 que el objetivo del CIET es \u201ctrabajar en actividades de formaci\u00f3n y capacitaci\u00f3n para mostrar a los j\u00f3venes los diferentes tipos de caminos y nichos laborales a futuro\u201d.<br \/>\nDe la firma del convenio se destac\u00f3 la presencia de la vicegobernadora, Anal\u00eda Rach Quiroga, de la subsecretaria de Articulaci\u00f3n de la Obra P\u00fablica, Florencia Medrano. \u201cEn el desarrollo del tiempo que vivimos, el concepto de obra p\u00fablica no termina con la construcci\u00f3n del edificio\u201d. En ese sentido, destac\u00f3 la importancia de la ampliaci\u00f3n y de la variedad de espacios verdes. \u201cEstamos pensando a futuro en empezar las actividades de formaci\u00f3n y capacitaci\u00f3n con actividades pr\u00e1cticas\u201d, explic\u00f3 Martina, quien agreg\u00f3 que eso ser\u00e1 parte del mismo desarrollo del programa, donde se elegir\u00e1 conjuntamente con los organismos p\u00fablicos en qu\u00e9 obra p\u00fablica se podr\u00e1 intervenir y hacer las actividades. \u201cEse ser\u00eda el fin de las actividades te\u00f3rico-pr\u00e1cticas\u201d, concluy\u00f3.<\/div>\n","protected":false},"excerpt":{"rendered":"<p>El presidente del Centro Interdisciplinario de Estudios Territoriales habl\u00f3 sobre la firma del convenio de colaboraci\u00f3n para el lanzamiento del programa Forestadoras. La iniciativa busca promover la igualdad de oportunidades y el acceso al mundo laboral. Hugo Martina, presidente del Centro Interdisciplinario de Estudios Territoriales, dialog\u00f3 con Radio Provincia del Chaco sobre la firma del [&hellip;]<\/p>\n","protected":false},"author":1,"featured_media":26563,"comment_status":"closed","ping_status":"closed","sticky":false,"template":"","format":"standard","meta":{"footnotes":""},"categories":[6],"tags":[],"class_list":{"0":"post-26562","1":"post","2":"type-post","3":"status-publish","4":"format-standard","5":"has-post-thumbnail","7":"category-chaco"},"_links":{"self":[{"href":"https:\/\/chacosintesis.com.ar\/index.php\/wp-json\/wp\/v2\/posts\/26562","targetHints":{"allow":["GET"]}}],"collection":[{"href":"https:\/\/chacosintesis.com.ar\/index.php\/wp-json\/wp\/v2\/posts"}],"about":[{"href":"https:\/\/chacosintesis.com.ar\/index.php\/wp-json\/wp\/v2\/types\/post"}],"author":[{"embeddable":true,"href":"https:\/\/chacosintesis.com.ar\/index.php\/wp-json\/wp\/v2\/users\/1"}],"replies":[{"embeddable":true,"href":"https:\/\/chacosintesis.com.ar\/index.php\/wp-json\/wp\/v2\/comments?post=26562"}],"version-history":[{"count":0,"href":"https:\/\/chacosintesis.com.ar\/index.php\/wp-json\/wp\/v2\/posts\/26562\/revisions"}],"wp:featuredmedia":[{"embeddable":true,"href":"https:\/\/chacosintesis.com.ar\/index.php\/wp-json\/wp\/v2\/media\/26563"}],"wp:attachment":[{"href":"https:\/\/chacosintesis.com.ar\/index.php\/wp-json\/wp\/v2\/media?parent=26562"}],"wp:term":[{"taxonomy":"category","embeddable":true,"href":"https:\/\/chacosintesis.com.ar\/index.php\/wp-json\/wp\/v2\/categories?post=26562"},{"taxonomy":"post_tag","embeddable":true,"href":"https:\/\/chacosintesis.com.ar\/index.php\/wp-json\/wp\/v2\/tags?post=26562"}],"curies":[{"name":"wp","href":"https:\/\/api.w.org\/{rel}","templated":true}]}}