{"id":26556,"date":"2023-09-07T18:00:12","date_gmt":"2023-09-07T21:00:12","guid":{"rendered":"https:\/\/chacosintesis.com.ar\/?p=26556"},"modified":"2023-09-07T18:07:22","modified_gmt":"2023-09-07T21:07:22","slug":"fin-de-semana-con-mercados-populares-e-inauguraciones-para-fortalecer-la-economia-social-y-popular","status":"publish","type":"post","link":"https:\/\/chacosintesis.com.ar\/index.php\/fin-de-semana-con-mercados-populares-e-inauguraciones-para-fortalecer-la-economia-social-y-popular\/","title":{"rendered":"Fin de semana con mercados populares e inauguraciones para fortalecer la econom\u00eda social y popular"},"content":{"rendered":"<div class=\"postie-post\">Este viernes en inmediaciones del campus de la Unne y el s\u00e1bado en el Cecual se desarrollar\u00e1n los operativos de comercializaci\u00f3n de alimentos frescos y distintos tipos de producciones y artesan\u00edas de las y los emprendedores y unidades productivas chaque\u00f1as.<br \/>\nEl Ministerio de Desarrollo Social inform\u00f3 que los Mercados Populares, con venta de productos chaque\u00f1os a precios justos, continuar\u00e1n este viernes 8 de septiembre en inmediaciones del campus de la UNNE (Avenida las Heras 727), y el s\u00e1bado 9 en CECUAL (Santa Mar\u00eda de Oro 471), ambos de 9 a 13. De esta manera, el gobierno promueve la comercializaci\u00f3n de alimentos y variados productos de calidad, 100% chaque\u00f1os y a precios justos.<br \/>\nSe podr\u00e1n adquirir tipos variados de cortes de carnes, pescados, panificados, verduras, huevos, l\u00e1cteos, conservas, hasta distintas artesan\u00edas y producciones realizadas por las y los emprendedores locales y unidades productivas que articulan tanto con la cartera social como con el Instituto de Agricultura Familiar y Econom\u00eda Popular del Chaco (IAFEP).<br \/>\nPara ello, la Unidad Ejecutora de Pol\u00edticas Sociales brinda a las y los emprendedores, capacitaciones sobre educaci\u00f3n financiera y tributaria, entre otras estrategias para posicionamiento de productos por canales digitales, con el objetivo de incrementar las ventas y aumentar oportunidades de trabajo autogestado, fortaleciendo la econom\u00eda social y popular.<br \/>\nEn estas ediciones de Mercados Populares en la capital provincial, durante el d\u00eda viernes, se sumar\u00e1n equipos del Ministerio de Salud P\u00fablica con postas sanitarias de vacunaci\u00f3n.<\/p>\n<p>Impulso y acompa\u00f1amiento a proyectos productivos<\/p>\n<p>Este s\u00e1bado el Gobierno provincial pondr\u00e1 en marcha en el Centro Cultural Alternativo (CECUAL) un nuevo Almac\u00e9n Popular, del que formar\u00e1n parte 20 emprendedoras, emprendedores e integrantes de unidades productivas. All\u00ed se comercializar\u00e1n a precio justo distintos tipos de alimentos, como conservas, embutidos, panificados y pasteler\u00eda, pastas, verduras y hortalizas, dulces artesanales, adem\u00e1s de producci\u00f3n de artesan\u00edas, trabajos en madera liviana y materiales reciclados, plantas, cactus, macetas biodegradables, producci\u00f3n textil, tejidos a mano y a m\u00e1quina, confecci\u00f3n de prendas de vestir, almohadones.<br \/>\nDe igual manera, la cartera Social y el IAFEP articulan con municipios de toda la provincia, a fin de posibilitar m\u00e1s oportunidades de producci\u00f3n, elaboraci\u00f3n, comercializaci\u00f3n y adquisici\u00f3n de productos chaque\u00f1os de primera calidad, sin intermediaci\u00f3n y a precios justos. El objetivo es garantizar el acompa\u00f1amiento integral a familias emprendedoras y a unidades productivas a trav\u00e9s de espacios adecuados y mayores posibilidades de comercializaci\u00f3n en ferias locales, mercados y almacenes populares.<\/p><\/div>\n","protected":false},"excerpt":{"rendered":"<p>Este viernes en inmediaciones del campus de la Unne y el s\u00e1bado en el Cecual se desarrollar\u00e1n los operativos de comercializaci\u00f3n de alimentos frescos y distintos tipos de producciones y artesan\u00edas de las y los emprendedores y unidades productivas chaque\u00f1as. El Ministerio de Desarrollo Social inform\u00f3 que los Mercados Populares, con venta de productos chaque\u00f1os [&hellip;]<\/p>\n","protected":false},"author":1,"featured_media":26557,"comment_status":"closed","ping_status":"closed","sticky":false,"template":"","format":"standard","meta":{"footnotes":""},"categories":[6],"tags":[],"class_list":{"0":"post-26556","1":"post","2":"type-post","3":"status-publish","4":"format-standard","5":"has-post-thumbnail","7":"category-chaco"},"_links":{"self":[{"href":"https:\/\/chacosintesis.com.ar\/index.php\/wp-json\/wp\/v2\/posts\/26556","targetHints":{"allow":["GET"]}}],"collection":[{"href":"https:\/\/chacosintesis.com.ar\/index.php\/wp-json\/wp\/v2\/posts"}],"about":[{"href":"https:\/\/chacosintesis.com.ar\/index.php\/wp-json\/wp\/v2\/types\/post"}],"author":[{"embeddable":true,"href":"https:\/\/chacosintesis.com.ar\/index.php\/wp-json\/wp\/v2\/users\/1"}],"replies":[{"embeddable":true,"href":"https:\/\/chacosintesis.com.ar\/index.php\/wp-json\/wp\/v2\/comments?post=26556"}],"version-history":[{"count":0,"href":"https:\/\/chacosintesis.com.ar\/index.php\/wp-json\/wp\/v2\/posts\/26556\/revisions"}],"wp:featuredmedia":[{"embeddable":true,"href":"https:\/\/chacosintesis.com.ar\/index.php\/wp-json\/wp\/v2\/media\/26557"}],"wp:attachment":[{"href":"https:\/\/chacosintesis.com.ar\/index.php\/wp-json\/wp\/v2\/media?parent=26556"}],"wp:term":[{"taxonomy":"category","embeddable":true,"href":"https:\/\/chacosintesis.com.ar\/index.php\/wp-json\/wp\/v2\/categories?post=26556"},{"taxonomy":"post_tag","embeddable":true,"href":"https:\/\/chacosintesis.com.ar\/index.php\/wp-json\/wp\/v2\/tags?post=26556"}],"curies":[{"name":"wp","href":"https:\/\/api.w.org\/{rel}","templated":true}]}}