{"id":26554,"date":"2023-09-07T17:57:17","date_gmt":"2023-09-07T20:57:17","guid":{"rendered":"https:\/\/chacosintesis.com.ar\/?p=26554"},"modified":"2023-09-07T18:07:17","modified_gmt":"2023-09-07T21:07:17","slug":"ultimo-dia-para-realizar-compras-con-previaje-5","status":"publish","type":"post","link":"https:\/\/chacosintesis.com.ar\/index.php\/ultimo-dia-para-realizar-compras-con-previaje-5\/","title":{"rendered":"\u00daltimo d\u00eda para realizar compras con Previaje 5"},"content":{"rendered":"<div class=\"postie-post\">La iniciativa fue lanzada la semana pasada por el ministro de Econom\u00eda, Sergio Massa, y se habilit\u00f3 el pasado viernes para comenzar a comprar pasajes, estad\u00edas y otros servicios tur\u00edsticos para ser utilizados entre el 29 de septiembre y el 17 de octubre.<br \/>\nLa quinta edici\u00f3n del Previaje inici\u00f3 la semana pasada y concluir\u00e1 en el d\u00eda de hoy. Se trata de una iniciativa lanzada por el ministro de Econom\u00eda, Sergio Massa, que busca activar la actividad tur\u00edstica con la posibilidad de adquirir servicios para ser utilizados entre el 29 de septiembre y el 17 de octubre en diversos destinos del pa\u00eds, con un reintegro del 50% y del 70% en caso de los jubilados. Eugenio Milani, propietario de Mundo Receptivo, dialog\u00f3 con Chaco TV y dej\u00f3 sus sensaciones sobre este incentivo a la actividad tur\u00edstica.<br \/>\nEn este sentido, Milani expres\u00f3 que el Previaje 5 est\u00e1 funcionando \u201cmuy bien\u201d. \u201cHab\u00eda mucha expectativa porque la gente ya est\u00e1 aprendiendo que aparecen peri\u00f3dicamente estos servicios\u201d, se\u00f1al\u00f3. No obstante, si bien dijo que en este a\u00f1o han tenido poco tiempo para ofrecer los distintos servicios, expres\u00f3 que se tuvieron que \u201cadaptar\u201d. \u201cHay muchas opciones y tenemos que conformarlos a los pasajeros\u201d, coment\u00f3. Pese a esto, dijo que est\u00e1 \u201cdando resultados\u201d.<br \/>\nEn cuanto a los destinos m\u00e1s elegidos, coment\u00f3 que la provincia de Mendoza \u201cse llev\u00f3 todos los premios\u201d y destac\u00f3 su \u201cmejora tur\u00edstica\u201d. Asimismo, entre lo dem\u00e1s destinos m\u00e1s solicitados estuvieron Ushuaia y Calafate, y luego aparecen Salta, Jujuy, Iguaz\u00fa y Buenos Aires. \u201cEl Previaje reparte pasajeros y dinero por toda la Rep\u00fablica Argentina\u201d, manifest\u00f3.<br \/>\nSobre el cierre de este Previaje 5, Milani expres\u00f3: \u201cHoy es el \u00faltimo d\u00eda que nosotros podemos facturar los servicios. El pasajero tiene tiempo hasta ma\u00f1ana de subir a trav\u00e9s de Mi Argentina, la p\u00e1gina de Previaje, su factura aclarando donde viaje y quienes viajan\u201d. Adem\u00e1s, aclar\u00f3 que, aquel que usar\u00e1 por primera vez el Previaje, le llegar\u00e1 una tarjeta del Banco Naci\u00f3n, mientras que aquel que ya viaj\u00f3 podr\u00e1 usar la misma tarjeta.<br \/>\nSobre esta iniciativa, el propietario se mostr\u00f3 \u201ctotalmente de acuerdo\u201d y, si bien se\u00f1al\u00f3 que \u201cha tenido cambios\u201d, destac\u00f3 que \u201cla idea es fant\u00e1stica\u201d. \u201cIncentiva a la gente que si puede viajar, pero que no lo estaba haciendo. Motiva a un mont\u00f3n de gente a participar. Beneficia a los municipios, a las provincias y al Gobierno nacional. Espero que pueda tener una continuidad\u201d, concluy\u00f3.<\/div>\n","protected":false},"excerpt":{"rendered":"<p>La iniciativa fue lanzada la semana pasada por el ministro de Econom\u00eda, Sergio Massa, y se habilit\u00f3 el pasado viernes para comenzar a comprar pasajes, estad\u00edas y otros servicios tur\u00edsticos para ser utilizados entre el 29 de septiembre y el 17 de octubre. La quinta edici\u00f3n del Previaje inici\u00f3 la semana pasada y concluir\u00e1 en [&hellip;]<\/p>\n","protected":false},"author":1,"featured_media":26555,"comment_status":"closed","ping_status":"closed","sticky":false,"template":"","format":"standard","meta":{"footnotes":""},"categories":[6],"tags":[],"class_list":{"0":"post-26554","1":"post","2":"type-post","3":"status-publish","4":"format-standard","5":"has-post-thumbnail","7":"category-chaco"},"_links":{"self":[{"href":"https:\/\/chacosintesis.com.ar\/index.php\/wp-json\/wp\/v2\/posts\/26554","targetHints":{"allow":["GET"]}}],"collection":[{"href":"https:\/\/chacosintesis.com.ar\/index.php\/wp-json\/wp\/v2\/posts"}],"about":[{"href":"https:\/\/chacosintesis.com.ar\/index.php\/wp-json\/wp\/v2\/types\/post"}],"author":[{"embeddable":true,"href":"https:\/\/chacosintesis.com.ar\/index.php\/wp-json\/wp\/v2\/users\/1"}],"replies":[{"embeddable":true,"href":"https:\/\/chacosintesis.com.ar\/index.php\/wp-json\/wp\/v2\/comments?post=26554"}],"version-history":[{"count":0,"href":"https:\/\/chacosintesis.com.ar\/index.php\/wp-json\/wp\/v2\/posts\/26554\/revisions"}],"wp:featuredmedia":[{"embeddable":true,"href":"https:\/\/chacosintesis.com.ar\/index.php\/wp-json\/wp\/v2\/media\/26555"}],"wp:attachment":[{"href":"https:\/\/chacosintesis.com.ar\/index.php\/wp-json\/wp\/v2\/media?parent=26554"}],"wp:term":[{"taxonomy":"category","embeddable":true,"href":"https:\/\/chacosintesis.com.ar\/index.php\/wp-json\/wp\/v2\/categories?post=26554"},{"taxonomy":"post_tag","embeddable":true,"href":"https:\/\/chacosintesis.com.ar\/index.php\/wp-json\/wp\/v2\/tags?post=26554"}],"curies":[{"name":"wp","href":"https:\/\/api.w.org\/{rel}","templated":true}]}}