{"id":26549,"date":"2023-09-07T17:53:24","date_gmt":"2023-09-07T20:53:24","guid":{"rendered":"https:\/\/chacosintesis.com.ar\/?p=26549"},"modified":"2023-09-07T18:07:07","modified_gmt":"2023-09-07T21:07:07","slug":"el-gobierno-hace-un-reconocimiento-historico-moral-y-honorifico-a-personal-militar-que-presto-servicios-durante-la-gesta-de-malvinas","status":"publish","type":"post","link":"https:\/\/chacosintesis.com.ar\/index.php\/el-gobierno-hace-un-reconocimiento-historico-moral-y-honorifico-a-personal-militar-que-presto-servicios-durante-la-gesta-de-malvinas\/","title":{"rendered":"El Gobierno hace un reconocimiento hist\u00f3rico, moral y honor\u00edfico a personal militar que prest\u00f3 servicios durante la gesta de Malvinas"},"content":{"rendered":"<div class=\"postie-post\">El anuncio fue realizado por el gobernador Jorge Capitanich.<br \/>\nEste jueves, el gobernador Jorge Capitanich anunci\u00f3 la reformulaci\u00f3n de los Art\u00edculos 11 y 17 de la Ley N\u00b0 2017-H, a fin de garantizar el reconocimiento hist\u00f3rico, moral y honor\u00edfico del personal militar de la Provincia que haya prestado servicios durante el conflicto por la Gesta de las Islas Malvinas Argentinas. &#8220;Hoy anunciamos un reconocimiento hist\u00f3rico y moral a 88 oficiales y suboficiales que formaron parte de la defensa a nuestras Islas Malvinas como movilizados al Teatro de Operaciones del Atl\u00e1ntico Sur, a trav\u00e9s de una pensi\u00f3n graciable y vitalicia&#8221;, dijo el primer mandatario provincial. Capitanich manifest\u00f3 que es la &#8220;manera justa y efectiva que 88 oficiales y suboficiales, que han estado excluidos de los alcances de los dem\u00e1s derechos establecidos a movilizados en Malvinas, puedan tambi\u00e9n tener su justa recompensa.&#8221; En este sentido, expres\u00f3 que desde el Gobierno provincial siempre se ha rendido homenaje a los excombatientes &#8220;que fueron activos dentro del teatro de operaciones y a todos los que murieron en combate y dejaron su vida en defensa de los intereses de la Patria.&#8221; &#8220;Pero tambi\u00e9n merecen un reconocimiento aquellos abnegados militares que ofrendaron su vida en defensa de nuestra soberan\u00eda y celebramos que hoy lo puedan tener&#8221;, concluy\u00f3 el gobernador.<\/p>\n<p>Modificaci\u00f3n de la N\u00ba 2017-H Art\u00edculos 11 y 17:<br \/>\n Art\u00edculo 11: \u201cEstabl\u00e9cese como reconocimiento hist\u00f3rico moral  y honor\u00edfico, el beneficio de una pensi\u00f3n graciable y vitalicia  para los ex-soldados conscriptos incorporados por el Distrito  Militar Chaco y que hubieren sido convocados, en el marco del Decreto Nacional N\u00b0 688\/82, a movilizados durante el per\u00edodo comprendido entre el 2 de abril y el 14 de junio de 1982 a la  zona de despliegue continental al Sur del Paralelo 42\u00b0 y que  no hayan tomado parte de las operaciones militares en el  archipi\u00e9lago, y a Oficiales y Suboficiales en situaci\u00f3n de Retiro  cuando no gocen de id\u00e9nticos beneficios otorgados por otras  normas legales y no recaigan sobre ellos sentencia sobre  violaciones a derechos humanos. El mismo ser\u00e1 el equivalente  al noventa y cinco por ciento (95%) de la categor\u00eda 7 &#8211; personal  de servicio &#8211; grupo 1, del Escalaf\u00f3n para el Personal del Poder  Ejecutivo, Ley N\u00b0 196-A -t.v.-, no ser\u00e1 retroactivo y se har\u00e1 efectivo a partir de la aprobaci\u00f3n del mismo, previa asignaci\u00f3n  de los recursos por parte del Poder Ejecutivo\u201d. Art\u00edculo 17: \u201cEstabl\u00e9cese el beneficio de una pensi\u00f3n graciable  y vitalicia para los ex soldados chaque\u00f1os y\/o residentes en la Provincia del Chaco, convocados por el Distrito Militar Chaco,   que hubieran sido acuartelados o convocados y que no hayan  sido movilizados a la zona de despliegue continental al Sur del Paralelo 42\u00b0 o tomado parte de las operaciones militares en el  archipi\u00e9lago, durante el per\u00edodo comprendido entre el 2 de  abril y el 14 de junio de 1982, en car\u00e1cter de reconocimiento  hist\u00f3rico moral y que estuvieren comprendidos en el Decreto  N\u00b0  355\/08. Dicho beneficio ser\u00e1 con car\u00e1cter mensual, con  monto equivalente al setenta y cinco por ciento (75%) de la categor\u00eda  -personal de servicio-grupo 1, del Escalaf\u00f3n del  Poder Ejecutivo-Ley N\u00b0 196-A -t.v.- no ser\u00e1 retroactivo y se har\u00e1 efectivo a partir de la aprobaci\u00f3n de los recursos por parte del  Poder Ejecutivo\u201d.<\/p><\/div>\n","protected":false},"excerpt":{"rendered":"<p>El anuncio fue realizado por el gobernador Jorge Capitanich. Este jueves, el gobernador Jorge Capitanich anunci\u00f3 la reformulaci\u00f3n de los Art\u00edculos 11 y 17 de la Ley N\u00b0 2017-H, a fin de garantizar el reconocimiento hist\u00f3rico, moral y honor\u00edfico del personal militar de la Provincia que haya prestado servicios durante el conflicto por la Gesta [&hellip;]<\/p>\n","protected":false},"author":1,"featured_media":26550,"comment_status":"closed","ping_status":"closed","sticky":false,"template":"","format":"standard","meta":{"footnotes":""},"categories":[6],"tags":[],"class_list":{"0":"post-26549","1":"post","2":"type-post","3":"status-publish","4":"format-standard","5":"has-post-thumbnail","7":"category-chaco"},"_links":{"self":[{"href":"https:\/\/chacosintesis.com.ar\/index.php\/wp-json\/wp\/v2\/posts\/26549","targetHints":{"allow":["GET"]}}],"collection":[{"href":"https:\/\/chacosintesis.com.ar\/index.php\/wp-json\/wp\/v2\/posts"}],"about":[{"href":"https:\/\/chacosintesis.com.ar\/index.php\/wp-json\/wp\/v2\/types\/post"}],"author":[{"embeddable":true,"href":"https:\/\/chacosintesis.com.ar\/index.php\/wp-json\/wp\/v2\/users\/1"}],"replies":[{"embeddable":true,"href":"https:\/\/chacosintesis.com.ar\/index.php\/wp-json\/wp\/v2\/comments?post=26549"}],"version-history":[{"count":0,"href":"https:\/\/chacosintesis.com.ar\/index.php\/wp-json\/wp\/v2\/posts\/26549\/revisions"}],"wp:featuredmedia":[{"embeddable":true,"href":"https:\/\/chacosintesis.com.ar\/index.php\/wp-json\/wp\/v2\/media\/26550"}],"wp:attachment":[{"href":"https:\/\/chacosintesis.com.ar\/index.php\/wp-json\/wp\/v2\/media?parent=26549"}],"wp:term":[{"taxonomy":"category","embeddable":true,"href":"https:\/\/chacosintesis.com.ar\/index.php\/wp-json\/wp\/v2\/categories?post=26549"},{"taxonomy":"post_tag","embeddable":true,"href":"https:\/\/chacosintesis.com.ar\/index.php\/wp-json\/wp\/v2\/tags?post=26549"}],"curies":[{"name":"wp","href":"https:\/\/api.w.org\/{rel}","templated":true}]}}