{"id":26545,"date":"2023-09-07T17:48:47","date_gmt":"2023-09-07T20:48:47","guid":{"rendered":"https:\/\/chacosintesis.com.ar\/?p=26545"},"modified":"2023-09-07T18:06:55","modified_gmt":"2023-09-07T21:06:55","slug":"este-domingo-se-realiza-el-festival-de-los-mayores-mes-de-la-primavera","status":"publish","type":"post","link":"https:\/\/chacosintesis.com.ar\/index.php\/este-domingo-se-realiza-el-festival-de-los-mayores-mes-de-la-primavera\/","title":{"rendered":"Este domingo se realiza el &#8220;Festival de los mayores: mes de la primavera&#8221;"},"content":{"rendered":"<div class=\"postie-post\">Se invita a la comunidad a participar de una jornada que contar\u00e1 con shows musicales, bailes folcl\u00f3ricos de Adultos Mayores, Feria de Emprendedores y la elecci\u00f3n de Rey y Reina de los Mayores. El Gobierno Provincial, a trav\u00e9s de la Unidad Ejecutora de Gobernaci\u00f3n, invita a la comunidad a participar de la tercera edici\u00f3n del \u201cFestival de los Mayores: Mes de la Primavera\u201d que se realizar\u00e1 el domingo 10 de septiembre, desde las 17.30, en la Plaza Espa\u00f1a de Resistencia. Habr\u00e1 shows folcl\u00f3ricos, feria de emprendedores y elecci\u00f3n de rey y reina de los mayores. El coordinador de la Unidad Ejecutora de Gobernaci\u00f3n N\u00e9stor Fant\u00edn celebr\u00f3 la realizaci\u00f3n de la tercera edici\u00f3n de este evento en el a\u00f1o, donde se est\u00e1n convocando a m\u00e1s de diez agrupaciones folcl\u00f3ricas de adultos mayores \u201cpara mostrar todo lo que vienen trabajando y construyendo d\u00eda a d\u00eda en este a\u00f1o y que las y los vecinos y familiares vengan a verlos\u201d, dijo. Fant\u00edn detall\u00f3 que este Festival se viene trabajando en forma conjunta con las Fundaciones Todo para un Nuevo Chaco y Romance Zamba y junto con Loter\u00eda Chaque\u00f1a y el Instituto de Cultura. La jornada, que iniciar\u00e1 a las 17.30, contar\u00e1 con la elecci\u00f3n del rey y la reina de los mayores; con una Feria de Emprendedores; shows de grupos musicales y la muestra de danzas y bailes de cada agrupaci\u00f3n o nucleamiento de adultos mayores. Por \u00faltimo, el evento finalizar\u00e1 con un gran baile popular. \u201cCon estos eventos, ratificamos al Estado Presente que tenemos en la provincia y con el impulso del gobernador (Jorge) Capitanich, que apunta a seguir trabajando para valorizar a nuestras adultas y adultos mayores, para potenciar y expandir sus derechos\u201d, detall\u00f3 Fant\u00edn y por esto, inst\u00f3 a la comunidad a participar de esta jornada. Por \u00faltimo, el titular de la Unidad Ejecutora de Gobernaci\u00f3n destac\u00f3 que este Festival impulsado por el Gobierno Provincial \u201cpermite ver un envejecimiento activo y saludable, y que sabemos debe ser el eje transversal como pol\u00edtica p\u00fablica del Chaco\u201d.<\/div>\n","protected":false},"excerpt":{"rendered":"<p>Se invita a la comunidad a participar de una jornada que contar\u00e1 con shows musicales, bailes folcl\u00f3ricos de Adultos Mayores, Feria de Emprendedores y la elecci\u00f3n de Rey y Reina de los Mayores. El Gobierno Provincial, a trav\u00e9s de la Unidad Ejecutora de Gobernaci\u00f3n, invita a la comunidad a participar de la tercera edici\u00f3n del [&hellip;]<\/p>\n","protected":false},"author":1,"featured_media":26546,"comment_status":"closed","ping_status":"closed","sticky":false,"template":"","format":"standard","meta":{"footnotes":""},"categories":[6],"tags":[],"class_list":{"0":"post-26545","1":"post","2":"type-post","3":"status-publish","4":"format-standard","5":"has-post-thumbnail","7":"category-chaco"},"_links":{"self":[{"href":"https:\/\/chacosintesis.com.ar\/index.php\/wp-json\/wp\/v2\/posts\/26545","targetHints":{"allow":["GET"]}}],"collection":[{"href":"https:\/\/chacosintesis.com.ar\/index.php\/wp-json\/wp\/v2\/posts"}],"about":[{"href":"https:\/\/chacosintesis.com.ar\/index.php\/wp-json\/wp\/v2\/types\/post"}],"author":[{"embeddable":true,"href":"https:\/\/chacosintesis.com.ar\/index.php\/wp-json\/wp\/v2\/users\/1"}],"replies":[{"embeddable":true,"href":"https:\/\/chacosintesis.com.ar\/index.php\/wp-json\/wp\/v2\/comments?post=26545"}],"version-history":[{"count":0,"href":"https:\/\/chacosintesis.com.ar\/index.php\/wp-json\/wp\/v2\/posts\/26545\/revisions"}],"wp:featuredmedia":[{"embeddable":true,"href":"https:\/\/chacosintesis.com.ar\/index.php\/wp-json\/wp\/v2\/media\/26546"}],"wp:attachment":[{"href":"https:\/\/chacosintesis.com.ar\/index.php\/wp-json\/wp\/v2\/media?parent=26545"}],"wp:term":[{"taxonomy":"category","embeddable":true,"href":"https:\/\/chacosintesis.com.ar\/index.php\/wp-json\/wp\/v2\/categories?post=26545"},{"taxonomy":"post_tag","embeddable":true,"href":"https:\/\/chacosintesis.com.ar\/index.php\/wp-json\/wp\/v2\/tags?post=26545"}],"curies":[{"name":"wp","href":"https:\/\/api.w.org\/{rel}","templated":true}]}}