{"id":26543,"date":"2023-09-07T17:45:50","date_gmt":"2023-09-07T20:45:50","guid":{"rendered":"https:\/\/chacosintesis.com.ar\/?p=26543"},"modified":"2023-09-07T18:06:50","modified_gmt":"2023-09-07T21:06:50","slug":"capitanich-y-tristan-bauer-recorrieron-las-obras-de-la-primera-fabrica-de-acordeones-del-pais","status":"publish","type":"post","link":"https:\/\/chacosintesis.com.ar\/index.php\/capitanich-y-tristan-bauer-recorrieron-las-obras-de-la-primera-fabrica-de-acordeones-del-pais\/","title":{"rendered":"Capitanich y Trist\u00e1n Bauer recorrieron las obras de la primera f\u00e1brica de acordeones del pa\u00eds"},"content":{"rendered":"<div class=\"postie-post\">El gobernador y el ministro de Cultura de la Naci\u00f3n constataron el avance del proyecto que fabricar\u00e1 acordeones destinados de manera gratuita a los estudiantes de la Escuela de Arte de la Fundaci\u00f3n Huoqo. El gobernador Jorge Capitanich y el ministro de Cultura de la Naci\u00f3n, Trist\u00e1n Bauer, recorrieron este mi\u00e9rcoles la construcci\u00f3n de la primera F\u00e1brica Social de Acordeones del pa\u00eds, ubicada en Puerto Tirol y que producir\u00e1 acordeones que ser\u00e1n destinados, de manera gratuita a los m\u00e1s de 300 estudiantes de la Escuela de Arte de la Fundaci\u00f3n Huoqo. \u201cEl desarrollo de la industria cultural es tambi\u00e9n un fortalecimiento de nuestra identidad chaque\u00f1a\u201d, resalt\u00f3 el mandatario. La visita se dio como parte de las pol\u00edticas de apoyo a las iniciativas de la Fundaci\u00f3n Puerto Tirol es Chamam\u00e9, la Fundaci\u00f3n Huoqo y la Fundaci\u00f3n Borghetti, con acompa\u00f1amiento del Gobierno Provincial a trav\u00e9s del Instituto de Cultura del Chaco y el financiamiento del Ministerio de Cultura de la Naci\u00f3n. Entre los principales objetivos est\u00e1n la acumulaci\u00f3n y transmisi\u00f3n de saberes del oficio de la luther\u00eda en la regi\u00f3n. La idea surge a partir de un acuerdo firmado con el Instituto privado del m\u00fasico brasile\u00f1o Renato Borgetti, uno de los principales acordeonistas y compositores de la m\u00fasica ga\u00facha, quien actualmente tiene una f\u00e1brica social de acordeones en R\u00edo Grande do Sul (Brasil). El m\u00fasico cedi\u00f3 una licencia industrial de forma gratuita y comprometi\u00f3 el acompa\u00f1amiento para poder crear en el Centro Cultural La Mara\u00f1a de Puerto Tirol una r\u00e9plica de la misma. De esta manera, dicho Centro Cultural ofrece su terreno en comodato por 25 a\u00f1os, y el Gobierno provincial realiza la construcci\u00f3n edilicia de la f\u00e1brica. Los trabajos se iniciaron el 16 de junio y a la fecha se encuentra con un avance del 60%, con todas sus paredes externas e internas, fundaciones estructurales, techo, aberturas externas y revoques en pleno desarrollo. El proyecto tiene plazo de culminaci\u00f3n para el 17 de octubre, y luego comenzar\u00e1 el equipamiento de maquinarias para su puesta en marcha definitiva antes de fin de este a\u00f1o. \u201cEsta iniciativa es un avance que se complementa con una important\u00edsima f\u00e1brica de guitarras que tenemos en Villa Berthet, impulsando el empleo desde la m\u00fasica. Estas acciones forman parte de nuestra identidad chaque\u00f1a, que es pluriling\u00fce, multicultural y plurirreligiosa, sobre la cual fundamos los cimientos de nuestro desarrollo provincial que nos genera much\u00edsima satisfacci\u00f3n\u201d, remarc\u00f3 Capitanich durante el acto, donde tambi\u00e9n se pudo tomar contacto con Renato Borgetti v\u00eda Zoom. Por su parte, el ministro Tristan Bauer destac\u00f3 que \u201ces una enorme alegr\u00eda estar aqu\u00ed, porque es la representaci\u00f3n de una idea, un sue\u00f1o, que se hace realidad. Con esta f\u00e1brica estamos derramando semillas que ser\u00e1n aprovechadas por los j\u00f3venes, para que no se pierda la llama de lo que representa el chamam\u00e9. Desde esta cartera nacional vamos a seguir apoyando estas iniciativas que nos hacen tan felices\u201d. A su vez, el presidente del Instituto de Cultura, Francisco Romero, ponder\u00f3 que \u201cse trata de un acontecimiento in\u00e9dito ya que actualmente no existe en Argentina ninguna f\u00e1brica de acordeones de estas caracter\u00edsticas. Este hecho redundar\u00e1 en un enorme beneficio para los chaque\u00f1os y chaque\u00f1as, y, adem\u00e1s, ser\u00e1 un hito en nuestro trabajo por consolidarnos como polo de las industrias culturales\u201d. Estuvieron presentes el diputado provincial Hugo Sager; el vocal del Instituto de Cultura, Alfredo Germignani; el presidente de la Fundaci\u00f3n Puerto Tirol es Chamam\u00e9, Walter Bord\u00f3n; y el presidente de la Fundaci\u00f3n Huoqo, Kike Yorg.<\/div>\n","protected":false},"excerpt":{"rendered":"<p>El gobernador y el ministro de Cultura de la Naci\u00f3n constataron el avance del proyecto que fabricar\u00e1 acordeones destinados de manera gratuita a los estudiantes de la Escuela de Arte de la Fundaci\u00f3n Huoqo. El gobernador Jorge Capitanich y el ministro de Cultura de la Naci\u00f3n, Trist\u00e1n Bauer, recorrieron este mi\u00e9rcoles la construcci\u00f3n de la [&hellip;]<\/p>\n","protected":false},"author":1,"featured_media":26544,"comment_status":"closed","ping_status":"closed","sticky":false,"template":"","format":"standard","meta":{"footnotes":""},"categories":[6],"tags":[],"class_list":{"0":"post-26543","1":"post","2":"type-post","3":"status-publish","4":"format-standard","5":"has-post-thumbnail","7":"category-chaco"},"_links":{"self":[{"href":"https:\/\/chacosintesis.com.ar\/index.php\/wp-json\/wp\/v2\/posts\/26543","targetHints":{"allow":["GET"]}}],"collection":[{"href":"https:\/\/chacosintesis.com.ar\/index.php\/wp-json\/wp\/v2\/posts"}],"about":[{"href":"https:\/\/chacosintesis.com.ar\/index.php\/wp-json\/wp\/v2\/types\/post"}],"author":[{"embeddable":true,"href":"https:\/\/chacosintesis.com.ar\/index.php\/wp-json\/wp\/v2\/users\/1"}],"replies":[{"embeddable":true,"href":"https:\/\/chacosintesis.com.ar\/index.php\/wp-json\/wp\/v2\/comments?post=26543"}],"version-history":[{"count":0,"href":"https:\/\/chacosintesis.com.ar\/index.php\/wp-json\/wp\/v2\/posts\/26543\/revisions"}],"wp:featuredmedia":[{"embeddable":true,"href":"https:\/\/chacosintesis.com.ar\/index.php\/wp-json\/wp\/v2\/media\/26544"}],"wp:attachment":[{"href":"https:\/\/chacosintesis.com.ar\/index.php\/wp-json\/wp\/v2\/media?parent=26543"}],"wp:term":[{"taxonomy":"category","embeddable":true,"href":"https:\/\/chacosintesis.com.ar\/index.php\/wp-json\/wp\/v2\/categories?post=26543"},{"taxonomy":"post_tag","embeddable":true,"href":"https:\/\/chacosintesis.com.ar\/index.php\/wp-json\/wp\/v2\/tags?post=26543"}],"curies":[{"name":"wp","href":"https:\/\/api.w.org\/{rel}","templated":true}]}}