{"id":26541,"date":"2023-09-07T12:17:27","date_gmt":"2023-09-07T15:17:27","guid":{"rendered":"https:\/\/chacosintesis.com.ar\/?p=26541"},"modified":"2023-09-07T12:37:09","modified_gmt":"2023-09-07T15:37:09","slug":"plaza-lo-atraparon-con-300-kilos-de-carne-recien-faenada-en-su-auto","status":"publish","type":"post","link":"https:\/\/chacosintesis.com.ar\/index.php\/plaza-lo-atraparon-con-300-kilos-de-carne-recien-faenada-en-su-auto\/","title":{"rendered":"Plaza: Lo atraparon con 300 kilos de carne reci\u00e9n faenada en su auto"},"content":{"rendered":"<div class=\"postie-post\">Ocurri\u00f3 durante la tarde ayer, en el marco de un operativo de control de polic\u00edas rurales por Ruta 16, cerca de Presidencia de La Plaza. Adem\u00e1s, en un campo cercano, aprehendieron a otro hombre por abigeato y recuperaron animales.<\/p>\n<p>La secci\u00f3n Rural de Presidencia de la Plaza de la polic\u00eda secuestr\u00f3 ayer 300 kilos de carne vacuna reci\u00e9n faenada, que un hombre lo llevaba la parte trasera de una Renault Kangoo.<\/p>\n<p>Cerca de las 15, los efectivos interceptaron el veh\u00edculo en la ruta 16, a la altura de Presidencia de La Plaza. En su interior, hab\u00eda 300 kilos de carne de dudosa procedencia que termin\u00f3 siendo decomisada, junto con $10300 y un celular Nokia.<br \/>\nPoco despu\u00e9s, se supo que en el denominado paraje El 80 de esa localidad hab\u00edan faenado al menos dos vacas. El due\u00f1o del campo alert\u00f3 a los polic\u00edas rurales que lograron aprehender a un hombre de 46 a\u00f1os, que andaba a caballo, a quien le secuestraron $148850 adem\u00e1s de un celular Samsung Galaxy.<br \/>\n En el campo tambi\u00e9n hallaron dos vaquillas y un toro que pertenec\u00edan a otros dos due\u00f1os que hace d\u00edas denunciaron la sustracci\u00f3n de los animales.<br \/>\nLos dos implicados quedaron a disposici\u00f3n de la Justicia, en la causa abierta por abigeato.<\/p>\n<p> DIARIO NORTE.-<\/p>\n<\/div>\n","protected":false},"excerpt":{"rendered":"<p>Ocurri\u00f3 durante la tarde ayer, en el marco de un operativo de control de polic\u00edas rurales por Ruta 16, cerca de Presidencia de La Plaza. Adem\u00e1s, en un campo cercano, aprehendieron a otro hombre por abigeato y recuperaron animales. La secci\u00f3n Rural de Presidencia de la Plaza de la polic\u00eda secuestr\u00f3 ayer 300 kilos de [&hellip;]<\/p>\n","protected":false},"author":1,"featured_media":26542,"comment_status":"closed","ping_status":"closed","sticky":false,"template":"","format":"standard","meta":{"footnotes":""},"categories":[6],"tags":[197],"class_list":{"0":"post-26541","1":"post","2":"type-post","3":"status-publish","4":"format-standard","5":"has-post-thumbnail","7":"category-chaco","8":"tag-destacada"},"_links":{"self":[{"href":"https:\/\/chacosintesis.com.ar\/index.php\/wp-json\/wp\/v2\/posts\/26541","targetHints":{"allow":["GET"]}}],"collection":[{"href":"https:\/\/chacosintesis.com.ar\/index.php\/wp-json\/wp\/v2\/posts"}],"about":[{"href":"https:\/\/chacosintesis.com.ar\/index.php\/wp-json\/wp\/v2\/types\/post"}],"author":[{"embeddable":true,"href":"https:\/\/chacosintesis.com.ar\/index.php\/wp-json\/wp\/v2\/users\/1"}],"replies":[{"embeddable":true,"href":"https:\/\/chacosintesis.com.ar\/index.php\/wp-json\/wp\/v2\/comments?post=26541"}],"version-history":[{"count":0,"href":"https:\/\/chacosintesis.com.ar\/index.php\/wp-json\/wp\/v2\/posts\/26541\/revisions"}],"wp:featuredmedia":[{"embeddable":true,"href":"https:\/\/chacosintesis.com.ar\/index.php\/wp-json\/wp\/v2\/media\/26542"}],"wp:attachment":[{"href":"https:\/\/chacosintesis.com.ar\/index.php\/wp-json\/wp\/v2\/media?parent=26541"}],"wp:term":[{"taxonomy":"category","embeddable":true,"href":"https:\/\/chacosintesis.com.ar\/index.php\/wp-json\/wp\/v2\/categories?post=26541"},{"taxonomy":"post_tag","embeddable":true,"href":"https:\/\/chacosintesis.com.ar\/index.php\/wp-json\/wp\/v2\/tags?post=26541"}],"curies":[{"name":"wp","href":"https:\/\/api.w.org\/{rel}","templated":true}]}}