{"id":26518,"date":"2023-09-07T00:26:01","date_gmt":"2023-09-07T03:26:01","guid":{"rendered":"https:\/\/chacosintesis.com.ar\/?p=26518"},"modified":"2023-09-07T00:37:48","modified_gmt":"2023-09-07T03:37:48","slug":"capitanich-habilito-mas-obras-en-barranqueras-que-marcan-el-sendero-del-progreso-y-el-desarrollo-de-la-comunidad-2","status":"publish","type":"post","link":"https:\/\/chacosintesis.com.ar\/index.php\/capitanich-habilito-mas-obras-en-barranqueras-que-marcan-el-sendero-del-progreso-y-el-desarrollo-de-la-comunidad-2\/","title":{"rendered":"Capitanich habilit\u00f3 m\u00e1s obras en Barranqueras que marcan el sendero del progreso y el desarrollo de la comunidad"},"content":{"rendered":"<div class=\"postie-post\">M\u00e1s all\u00e1 de la alegr\u00eda de 29 familias, el gobernador asegur\u00f3 que \u201cson obras que se enmarcan en un plan de 420 cuadras que significan una intervenci\u00f3n territorial sin precedentes en Barranqueras\u201d.<br \/>\nBarranqueras suma m\u00e1s cuadras de pavimento urbano y viviendas en el objetivo de ampliar derechos individuales y colectivos de la comunidad. En este sentido, el gobernador Jorge Capitanich inaugur\u00f3 otras 21 cuadras de pavimento urbano y entreg\u00f3 las llaves de otras 29 viviendas a familias beneficiarias. \u201cEn Barranqueras, compartimos la emoci\u00f3n de 29 familias que recibieron las llaves de su hogar, y tambi\u00e9n inauguramos nuevas cuadras de pavimento que marcan el sendero del progreso y el desarrollo de la comunidad\u201d, asegur\u00f3 el mandatario provincial a trav\u00e9s de sus redes sociales.<br \/>\nPavimento Urbano<br \/>\n\u201cCon la inauguraci\u00f3n de nuevas cuadras de pavimento urbano, la comunidad cuenta con m\u00e1s seguridad y mejor conectividad, y son obras que se enmarcan en un plan de 420 cuadras que significan una intervenci\u00f3n territorial sin precedentes en Barranqueras\u201d, aseguro el gobernador del Chaco. Desde esta gesti\u00f3n de gobierno se invirti\u00f3 en el Registro Civil para garantizar el derecho a la identidad, en el Club Don Orione para garantizar el derecho al deporte y la cultura, como tambi\u00e9n infraestructura escolar y sanitaria \u201cpara beneficio de toda la comunidad\u201d. De las actividades tambi\u00e9n participaron la intendenta Magda Ayala; el administradpr de Vialidad Provincial, Hugo Varela y autoridades del IPDUV, junto a vecinas y vecinos.<br \/>\n\u201cHemos podido demostrar que trabajando juntos con un criterio de cooperaci\u00f3n y solidaridad, es posible mejorar y transformar la calidad de vida de cada uno de los habitantes de Barranqueras. Felicitaciones a todos y todas\u201d, cerro al respecto La inversi\u00f3n de los trabajos ejecutados en Barranqueras alcanz\u00f3 a  $260.852.298,18 para una extensi\u00f3n de 21 cuadras. La misma se ejecut\u00f3 mediante la Direcci\u00f3n de Vialidad Provincial, la cual provey\u00f3 a pie de obra el hormig\u00f3n necesario para la construcci\u00f3n de calzada de hormig\u00f3n con cord\u00f3n integral, como as\u00ed tambi\u00e9n los ca\u00f1os de polietileno de alta densidad necesarios para la ejecuci\u00f3n de desag\u00fces pluviales. La calzada de hormig\u00f3n se realiz\u00f3 sobre los siguientes tramos:<br \/>\n-Calle Yatay, entre avenida Toledo y calle J. M\u00e1rmol;<br \/>\n-Calle Timb\u00f3, entre avenida Toledo y avenida Castelli;<br \/>\n-Calle J. M\u00e1rmol, entre calle Yatay y calle Algarrobo;<br \/>\n-Calle Dodero, entre calle Algarrobo y calle Ceibo;<br \/>\n-Calle Lapacho, entre avenida Toledo y avenida Edison.<br \/>\nM\u00e1s viviendas El mandatario provincial tambi\u00e9n entreg\u00f3 29 viviendas, trabajos que demandaron una inversi\u00f3n de $484.232.938,45, a trav\u00e9s del financiamiento del programa Casa Propia \u2013 Construir Futuro. La obra signific\u00f3 43 puestos de trabajo. De las 19m 28 son de dos dormitorios y la otra es una vivienda digna adaptada. \u201cLas viviendas que entregamos forman parte de un programa de 92 que estar\u00e1n terminadas pr\u00f3ximamente garantizando que m\u00e1s familias puedan construir un mejor futuro cumpliendo el sue\u00f1o de la casa propia\u201d, concluy\u00f3 Capitanich.<\/div>\n","protected":false},"excerpt":{"rendered":"<p>M\u00e1s all\u00e1 de la alegr\u00eda de 29 familias, el gobernador asegur\u00f3 que \u201cson obras que se enmarcan en un plan de 420 cuadras que significan una intervenci\u00f3n territorial sin precedentes en Barranqueras\u201d. Barranqueras suma m\u00e1s cuadras de pavimento urbano y viviendas en el objetivo de ampliar derechos individuales y colectivos de la comunidad. En este [&hellip;]<\/p>\n","protected":false},"author":1,"featured_media":26519,"comment_status":"closed","ping_status":"closed","sticky":false,"template":"","format":"standard","meta":{"footnotes":""},"categories":[6],"tags":[],"class_list":{"0":"post-26518","1":"post","2":"type-post","3":"status-publish","4":"format-standard","5":"has-post-thumbnail","7":"category-chaco"},"_links":{"self":[{"href":"https:\/\/chacosintesis.com.ar\/index.php\/wp-json\/wp\/v2\/posts\/26518","targetHints":{"allow":["GET"]}}],"collection":[{"href":"https:\/\/chacosintesis.com.ar\/index.php\/wp-json\/wp\/v2\/posts"}],"about":[{"href":"https:\/\/chacosintesis.com.ar\/index.php\/wp-json\/wp\/v2\/types\/post"}],"author":[{"embeddable":true,"href":"https:\/\/chacosintesis.com.ar\/index.php\/wp-json\/wp\/v2\/users\/1"}],"replies":[{"embeddable":true,"href":"https:\/\/chacosintesis.com.ar\/index.php\/wp-json\/wp\/v2\/comments?post=26518"}],"version-history":[{"count":0,"href":"https:\/\/chacosintesis.com.ar\/index.php\/wp-json\/wp\/v2\/posts\/26518\/revisions"}],"wp:featuredmedia":[{"embeddable":true,"href":"https:\/\/chacosintesis.com.ar\/index.php\/wp-json\/wp\/v2\/media\/26519"}],"wp:attachment":[{"href":"https:\/\/chacosintesis.com.ar\/index.php\/wp-json\/wp\/v2\/media?parent=26518"}],"wp:term":[{"taxonomy":"category","embeddable":true,"href":"https:\/\/chacosintesis.com.ar\/index.php\/wp-json\/wp\/v2\/categories?post=26518"},{"taxonomy":"post_tag","embeddable":true,"href":"https:\/\/chacosintesis.com.ar\/index.php\/wp-json\/wp\/v2\/tags?post=26518"}],"curies":[{"name":"wp","href":"https:\/\/api.w.org\/{rel}","templated":true}]}}