{"id":26512,"date":"2023-09-07T00:19:05","date_gmt":"2023-09-07T03:19:05","guid":{"rendered":"https:\/\/chacosintesis.com.ar\/?p=26512"},"modified":"2023-09-07T00:37:26","modified_gmt":"2023-09-07T03:37:26","slug":"presentaron-un-proyecto-sobre-centrales-solares-para-provincias-del-norte-grande","status":"publish","type":"post","link":"https:\/\/chacosintesis.com.ar\/index.php\/presentaron-un-proyecto-sobre-centrales-solares-para-provincias-del-norte-grande\/","title":{"rendered":"Presentaron un proyecto sobre centrales solares para provincias del Norte Grande"},"content":{"rendered":"<div class=\"postie-post\">La presentaci\u00f3n de la propuesta de Centrales Solares para el norte argentino estuvo a cargo del gobernador de Jujuy, Gerardo Morales, en el Consejo Federal de Inversiones, quien expuso ante el director nacional de Generaci\u00f3n El\u00e9ctrica de Naci\u00f3n, Maximiliano Bruno y los equipos t\u00e9cnicos de la regi\u00f3n, en base a la experiencia llevada adelante en \u201cCauchari\u201d, Jujuy.<br \/>\nEste mi\u00e9rcoles, el gobernador de Jujuy, explic\u00f3 que la propuesta consiste en generar 2500 MW de energ\u00edas renovables en el \u00e1mbito de las distribuidoras provinciales, cumpliendo los siguientes objetivos: generaci\u00f3n de energ\u00edas renovables limpias y el desarrollo de infraestructura energ\u00e9tica. \u201cEstamos hablando de varias plantas para la red de distribuci\u00f3n que ser\u00e1n ubicadas en todos los territorios provinciales \u201c, asegur\u00f3 Morales.<br \/>\n\u201cEn la medida en que haya decisi\u00f3n pol\u00edtica, esto es posible. Nosotros en la experiencia con Cauchari hemos usado dos l\u00edneas de financiamiento y la idea es que, de ac\u00e1 a fin de a\u00f1o, podamos definir un esquema como provincia o como regi\u00f3n para lograr estos financiamientos\u201d, sostuvo.<br \/>\nAsimismo, el mandatario destac\u00f3 las virtudes que este proyecto permite a cada jurisdicci\u00f3n provincial en cuanto a \u201ccontribuir al cumplimiento de las obligaciones de reducci\u00f3n de los gases de efecto invernadero, equivalentes a dos millones de toneladas de di\u00f3xido de carbono al a\u00f1o; incorporar 4.500 GWh al a\u00f1o, lo que implica un incremento del 5% en energ\u00edas renovables; ahorrar divisas derivadas de la importaci\u00f3n de gas natural; reducir inversiones a corto plazo en los sistemas de transporte y los costos de la generaci\u00f3n forzada; optimizar las redes de la distribuidora y mejorar en la calidad del servicio; establecer tarifas competitivas a partir de la nueva generaci\u00f3n destinadas a la industria, pymes, comercio, etc.; generar nuevos empleos y capacitaci\u00f3n de mano de obra local y desarrollar realidades sostenibles\u201d.<br \/>\nUna vez finalizada la presentaci\u00f3n, Morales remarc\u00f3 que el pr\u00f3ximo paso es definir con los gobernadores cu\u00e1l ser\u00e1 la hoja de ruta para trabajar este proyecto con el gobierno nacional.<br \/>\nPor su parte, el presidente de Cauchari Solar, Guillermo Hoerth, explic\u00f3 que la materializaci\u00f3n del proyecto consiste en presentar un paquete de obras con financiamiento de organismos multilaterales para la construcci\u00f3n de 2.500 MW de plantas con energ\u00eda renovable ponderados en funci\u00f3n a la demanda por provincia en la regi\u00f3n<br \/>\nEl proyecto de Centros Solares para el Norte Grande analiza la matriz energ\u00e9tica en cuanto a la potencia instalada y explica que la regi\u00f3n NOA\/NEA representa el 17,3% de la potencia instalada de Argentina con 7.515 MW y posee una inserci\u00f3n de energ\u00edas renovables del 14% con 1.056 MW instalados, en l\u00ednea con la media nacional.<br \/>\nTeniendo esta informaci\u00f3n de base, \u201cla propuesta de aumentar la generaci\u00f3n en 2.500 MW permitir\u00eda una inserci\u00f3n de renovables del 47%, a\u00fan sostenible para el sistema (dentro de los l\u00edmites de inserci\u00f3n de energ\u00edas renovables dentro de l\u00edneas de distribuci\u00f3n), remarc\u00f3 Hoerth.<br \/>\nEl proyecto, tambi\u00e9n propone que las plantas solares generen aportes pura y exclusivamente a la red de distribuci\u00f3n provincial, o como m\u00e1ximo a la distribuci\u00f3n troncal. As\u00ed como tambi\u00e9n, que la energ\u00eda se genere y se consuma en espacios geogr\u00e1ficos contiguos, minimizando la inversi\u00f3n en infraestructura de redes y transformaci\u00f3n, que encarecen el costo del servicio.<\/div>\n","protected":false},"excerpt":{"rendered":"<p>La presentaci\u00f3n de la propuesta de Centrales Solares para el norte argentino estuvo a cargo del gobernador de Jujuy, Gerardo Morales, en el Consejo Federal de Inversiones, quien expuso ante el director nacional de Generaci\u00f3n El\u00e9ctrica de Naci\u00f3n, Maximiliano Bruno y los equipos t\u00e9cnicos de la regi\u00f3n, en base a la experiencia llevada adelante en [&hellip;]<\/p>\n","protected":false},"author":1,"featured_media":26513,"comment_status":"closed","ping_status":"closed","sticky":false,"template":"","format":"standard","meta":{"footnotes":""},"categories":[6],"tags":[],"class_list":{"0":"post-26512","1":"post","2":"type-post","3":"status-publish","4":"format-standard","5":"has-post-thumbnail","7":"category-chaco"},"_links":{"self":[{"href":"https:\/\/chacosintesis.com.ar\/index.php\/wp-json\/wp\/v2\/posts\/26512","targetHints":{"allow":["GET"]}}],"collection":[{"href":"https:\/\/chacosintesis.com.ar\/index.php\/wp-json\/wp\/v2\/posts"}],"about":[{"href":"https:\/\/chacosintesis.com.ar\/index.php\/wp-json\/wp\/v2\/types\/post"}],"author":[{"embeddable":true,"href":"https:\/\/chacosintesis.com.ar\/index.php\/wp-json\/wp\/v2\/users\/1"}],"replies":[{"embeddable":true,"href":"https:\/\/chacosintesis.com.ar\/index.php\/wp-json\/wp\/v2\/comments?post=26512"}],"version-history":[{"count":0,"href":"https:\/\/chacosintesis.com.ar\/index.php\/wp-json\/wp\/v2\/posts\/26512\/revisions"}],"wp:featuredmedia":[{"embeddable":true,"href":"https:\/\/chacosintesis.com.ar\/index.php\/wp-json\/wp\/v2\/media\/26513"}],"wp:attachment":[{"href":"https:\/\/chacosintesis.com.ar\/index.php\/wp-json\/wp\/v2\/media?parent=26512"}],"wp:term":[{"taxonomy":"category","embeddable":true,"href":"https:\/\/chacosintesis.com.ar\/index.php\/wp-json\/wp\/v2\/categories?post=26512"},{"taxonomy":"post_tag","embeddable":true,"href":"https:\/\/chacosintesis.com.ar\/index.php\/wp-json\/wp\/v2\/tags?post=26512"}],"curies":[{"name":"wp","href":"https:\/\/api.w.org\/{rel}","templated":true}]}}