{"id":26508,"date":"2023-09-07T00:15:40","date_gmt":"2023-09-07T03:15:40","guid":{"rendered":"https:\/\/chacosintesis.com.ar\/?p=26508"},"modified":"2023-09-07T00:37:13","modified_gmt":"2023-09-07T03:37:13","slug":"la-escuela-angeles-sobre-ruedas-fue-homenajeada-en-la-legislatura-chaquena","status":"publish","type":"post","link":"https:\/\/chacosintesis.com.ar\/index.php\/la-escuela-angeles-sobre-ruedas-fue-homenajeada-en-la-legislatura-chaquena\/","title":{"rendered":"La escuela &#8220;\u00c1ngeles Sobre Ruedas&#8221; fue homenajeada en la Legislatura Chaque\u00f1a"},"content":{"rendered":"<div class=\"postie-post\">Desde el Poder Legislativo conmemoraron los nueve a\u00f1os de trayectoria deportiva de la instituci\u00f3n, con la presencia del presidente del Club Villa Alvear de Resistencia, la directora de la escuela de patinaje art\u00edstico, alumnas y familiares.<br \/>\nCon un homenaje en el Recinto de Sesiones \u201cDeolindo Felipe Bittel\u201d, la Legislatura conmemor\u00f3 los nueve a\u00f1os de trayectoria deportiva de la escuela de patinaje art\u00edstico \u201c\u00c1ngeles Sobre Ruedas\u201d del Club Villa Alvear de Resistencia. El acto fue encabezado por el diputado Roberto Acosta, acompa\u00f1ado por sus pares Hugo Sager y Juan Jos\u00e9 Bergia, con la presencia del Presidente del Club Cristian Montiel, y la directora de la Escuela, \u00c1ngeles Sol\u00eds.<br \/>\nEl diputado Acosta, impulsor de la iniciativa y Vicepresidente del Club Villa Alvear, les dio la bienvenida a los presentes, profesores, alumnas de la instituci\u00f3n y familiares, y expres\u00f3: \u201cpara nosotros es un momento muy emotivo cuando reconocemos a instituciones o como en este caso reconocemos una disciplina de una instituci\u00f3n deportiva de la provincia del Chaco, y hoy se a\u00f1ade el orgullo de pertenecer a esta instituci\u00f3n que ya tiene muchos a\u00f1os dentro de la vida comunitaria, deportiva y social de nuestra querida Resistencia, poniendo en alto los valores del deporte, la pertenencia, el compa\u00f1erismo, el equipo\u201d.<\/p>\n<p>\u201cVimos trascender esta disciplina, que no es una disciplina tradicional dentro de un club de barrio, desde sus comienzos hace casi 9 a\u00f1os en un espacio en un play\u00f3n que estaba dentro de nuestra instituci\u00f3n, y a trav\u00e9s del tiempo fue creciendo tanto que ha tenido logros regionales y nacionales\u201d destac\u00f3 y remarc\u00f3 la importancia de la inauguraci\u00f3n reciente del polideportivo con una pista dedicada a la disciplina que era un anhelo de a\u00f1os y se pudo concretar con el apoyo del Estado provincial.<br \/>\n\u201cNuestro reconocimiento va mucho m\u00e1s all\u00e1 de lo que tiene que ver con los logros deportivos, sino que se centra en el trabajo que se realiza con las ni\u00f1as y con los adolescentes, para consolidar los valores que se transmiten a trav\u00e9s de la competencia, no solamente f\u00edsica sino mental y espiritualmente, que son tan importantes dentro de su desarrollo con vistas a un proyecto de vida que cada una y cada uno de ustedes va a llevar adelante\u201d sostuvo.<br \/>\nPor su parte, el diputado Sager remarc\u00f3: \u201cnuestro acompa\u00f1amiento el d\u00eda de hoy tiene que ver con hacer una caricia al alma para todos los que llevan adelante esta disciplina, quienes venimos de clubes de barrio y de clubes de pueblo sabemos lo que significa llevar adelante una disciplina de estas caracter\u00edsticas y que se entienda la importancia que tiene\u201d y coincidi\u00f3 en felicitar a toda la comunidad de la instituci\u00f3n y a las autoridades del club \u201cque abren las puertas y que sabemos el sacrificio que esto significa\u201d.<br \/>\nEn tanto, Juan Jos\u00e9 Bergia sum\u00f3 su reconocimiento \u201cpara la Instituci\u00f3n por el trabajo que hace, por los logros, por este nuevo espacio para que se sigan desarrollando en algo que les gusta y les interesa, y a las deportistas, las familias y docentes, gracias por formar parte de un club tan noble, porque en estos tiempos tan dif\u00edciles por ah\u00ed no se ve la importancia que tienen los clubes de barrio, que son fundamentales como lugar de formaci\u00f3n y contenci\u00f3n y hay que cuidarlos\u201d.<\/p><\/div>\n","protected":false},"excerpt":{"rendered":"<p>Desde el Poder Legislativo conmemoraron los nueve a\u00f1os de trayectoria deportiva de la instituci\u00f3n, con la presencia del presidente del Club Villa Alvear de Resistencia, la directora de la escuela de patinaje art\u00edstico, alumnas y familiares. Con un homenaje en el Recinto de Sesiones \u201cDeolindo Felipe Bittel\u201d, la Legislatura conmemor\u00f3 los nueve a\u00f1os de trayectoria [&hellip;]<\/p>\n","protected":false},"author":1,"featured_media":26509,"comment_status":"closed","ping_status":"closed","sticky":false,"template":"","format":"standard","meta":{"footnotes":""},"categories":[6],"tags":[],"class_list":{"0":"post-26508","1":"post","2":"type-post","3":"status-publish","4":"format-standard","5":"has-post-thumbnail","7":"category-chaco"},"_links":{"self":[{"href":"https:\/\/chacosintesis.com.ar\/index.php\/wp-json\/wp\/v2\/posts\/26508","targetHints":{"allow":["GET"]}}],"collection":[{"href":"https:\/\/chacosintesis.com.ar\/index.php\/wp-json\/wp\/v2\/posts"}],"about":[{"href":"https:\/\/chacosintesis.com.ar\/index.php\/wp-json\/wp\/v2\/types\/post"}],"author":[{"embeddable":true,"href":"https:\/\/chacosintesis.com.ar\/index.php\/wp-json\/wp\/v2\/users\/1"}],"replies":[{"embeddable":true,"href":"https:\/\/chacosintesis.com.ar\/index.php\/wp-json\/wp\/v2\/comments?post=26508"}],"version-history":[{"count":0,"href":"https:\/\/chacosintesis.com.ar\/index.php\/wp-json\/wp\/v2\/posts\/26508\/revisions"}],"wp:featuredmedia":[{"embeddable":true,"href":"https:\/\/chacosintesis.com.ar\/index.php\/wp-json\/wp\/v2\/media\/26509"}],"wp:attachment":[{"href":"https:\/\/chacosintesis.com.ar\/index.php\/wp-json\/wp\/v2\/media?parent=26508"}],"wp:term":[{"taxonomy":"category","embeddable":true,"href":"https:\/\/chacosintesis.com.ar\/index.php\/wp-json\/wp\/v2\/categories?post=26508"},{"taxonomy":"post_tag","embeddable":true,"href":"https:\/\/chacosintesis.com.ar\/index.php\/wp-json\/wp\/v2\/tags?post=26508"}],"curies":[{"name":"wp","href":"https:\/\/api.w.org\/{rel}","templated":true}]}}