{"id":26506,"date":"2023-09-07T00:14:11","date_gmt":"2023-09-07T03:14:11","guid":{"rendered":"https:\/\/chacosintesis.com.ar\/?p=26506"},"modified":"2023-09-07T00:37:06","modified_gmt":"2023-09-07T03:37:06","slug":"aulas-espejo-una-modalidad-para-acercar-carreras-al-interior-del-chaco-y-corrientes","status":"publish","type":"post","link":"https:\/\/chacosintesis.com.ar\/index.php\/aulas-espejo-una-modalidad-para-acercar-carreras-al-interior-del-chaco-y-corrientes\/","title":{"rendered":"\u201cAulas espejo\u201d, una modalidad para acercar carreras al interior del Chaco y Corrientes"},"content":{"rendered":"<div class=\"postie-post\">Se trata de la Tecnicatura en Instalaciones El\u00e9ctricas, de la Facultad de Ingenier\u00eda, que se dicta en los municipios de Juan Jos\u00e9 Castelli y General Pinedo, en el Chaco.<\/p>\n<p> Se trata de la Tecnicatura en Instalaciones El\u00e9ctricas, de la Facultad de Ingenier\u00eda, que se dicta en los municipios de Juan Jos\u00e9 Castelli y General Pinedo, en el Chaco.<br \/>\nSiempre en busca de acercar propuestas acad\u00e9micas a la comunidad y apelando a herramientas y estrategias post pandemia, en la Universidad Nacional del Nordeste se brinda una oferta acad\u00e9mica en modalidad \u201cAula Espejo\u201d. Se trata de la Tecnicatura en Instalaciones El\u00e9ctricas, de la Facultad de Ingenier\u00eda, que se dicta en los municipios de Juan Jos\u00e9 Castelli y General Pinedo, de Chaco.<br \/>\n\u201cA partir del relevamiento de demandas que se hizo durante la primera etapa de gesti\u00f3n, se identific\u00f3 este requerimiento de las comunidades de Juan Jos\u00e9 Castelli y General Pinedo, en Chaco, de acercar esta Tecnicatura en Instalaciones El\u00e9ctricas\u201d, explic\u00f3 el coordinador de Centros Regionales Universitarios (CRU) y Extensiones \u00c1ulicas de la UNNE, Ezequiel Nardelli en contacto con Radio UNNE.<br \/>\nAs\u00ed, se resolvi\u00f3 acercar esta propuesta formativa, y se evalu\u00f3 conveniente hacerlo por medio de un formato que redunda en beneficios tanto para las comunidades como para la instituci\u00f3n y sus docentes. Se trata de la modalidad de \u201caula espejo\u201d, donde dos o m\u00e1s aulas est\u00e1n en el mismo proceso desde distintos lugares. Concretamente, se dicta la misma clase, en dos espacios distintos, al mismo tiempo.<br \/>\nEn este caso se aplica en los CRU de Castelli y Pinedo. \u201cLos alumnos van al mismo momento a cada CRU, y tienen al mismo tiempo las clases. Pero los docentes se turnan, algunas veces van a un Centro Regional y otras, al otro. Se van alternando la presencialidad\u201d, explic\u00f3 Nardelli.<br \/>\nEl dictado de la Tecnicatura en Instalaciones El\u00e9ctricas en estas dos localidades chaque\u00f1as comenz\u00f3 el pasado 11 de agosto. En Castelli se inscribieron m\u00e1s de 60 personas y en Pinedo m\u00e1s de 30. Muchas de ellas son de pueblos cercanos, por lo que desde la mencionada Coordinaci\u00f3n destacan la iniciativa que cubre la demanda en el sudoeste chaque\u00f1o y del Impenetrable.<br \/>\nSeg\u00fan coment\u00f3 el funcionario universitario, para ello se han equipado, en cada CRU, \u201cdos aulas con buena conexi\u00f3n a internet, c\u00e1maras, micr\u00f3fonos, para poder dictar desde all\u00ed las clases\u201d.<br \/>\nCabe recordar que esta tecnicatura se dict\u00f3 en Pinedo entre los a\u00f1os 2016 y 2017, con un importante n\u00famero de graduados.<br \/>\nRelevamiento<br \/>\nEn comunicaci\u00f3n con la radio de la UNNE, Nardelli coment\u00f3 sobre el relevamiento en el que se trabaj\u00f3 al inicio de la gesti\u00f3n actual, a fin de identificar las demandas y necesidades de las comunidades donde la Universidad est\u00e1 inmersa.<br \/>\n\u201cHemos visitado los Centros Regionales y localidades donde la UNNE cuenta con Extensiones \u00c1ulicas. Nos hemos reunido con distintos actores sociales, como empresarios, docentes, sindicatos, etc.; e hicimos un relevamiento de las demandas que luego trabajamos por atender\u201d, se\u00f1al\u00f3.<br \/>\nNardelli destac\u00f3 los avances y logros a partir del trabajo articulado entre municipios y la Universidad Nacional del Nordeste, a partir de la Coordinaci\u00f3n a su cargo. \u201cHemos recibido mucha demanda, se han comunicado desde muchos municipios para pedirnos ofertas de oficios o llevar carreras. Incluso de Misiones y Formosa\u201d, afirm\u00f3.<br \/>\nTambi\u00e9n en Corrientes<br \/>\nEl coordinador de Centros Regionales Universitarios (CRU) y Extensiones \u00c1ulicas de la UNNE adelant\u00f3 adem\u00e1s que se avanza en la organizaci\u00f3n para llevar tambi\u00e9n a Goya y Paso de los Libres, en Corrientes; ofertas acad\u00e9micas bajo este tipo de modalidad \u201caula espejo\u201d. \u201cYa estamos avanzando en equipar las aulas en esas comunas\u201d, dijo.<br \/>\n\u201cTrabajamos para poder atender las necesidades y seguir fortaleciendo la presencia de nuestra universidad en toda la regi\u00f3n. Somos una de las \u00fanicas universidades p\u00fablicas de car\u00e1cter regional en el pa\u00eds as\u00ed que tenemos que seguir trabajando para atender las demandas del territorio\u201d, asegur\u00f3 el responsable del \u00e1rea que tiene a su cargo la coordinaci\u00f3n de los 4 Centros Regionales Universitarios y las 13 extensiones \u00e1ulicas que la Universidad del Sol tiene en Corrientes, Chaco, Formosa y Misiones.<\/p><\/div>\n","protected":false},"excerpt":{"rendered":"<p>Se trata de la Tecnicatura en Instalaciones El\u00e9ctricas, de la Facultad de Ingenier\u00eda, que se dicta en los municipios de Juan Jos\u00e9 Castelli y General Pinedo, en el Chaco. Se trata de la Tecnicatura en Instalaciones El\u00e9ctricas, de la Facultad de Ingenier\u00eda, que se dicta en los municipios de Juan Jos\u00e9 Castelli y General Pinedo, [&hellip;]<\/p>\n","protected":false},"author":1,"featured_media":26507,"comment_status":"closed","ping_status":"closed","sticky":false,"template":"","format":"standard","meta":{"footnotes":""},"categories":[6],"tags":[],"class_list":{"0":"post-26506","1":"post","2":"type-post","3":"status-publish","4":"format-standard","5":"has-post-thumbnail","7":"category-chaco"},"_links":{"self":[{"href":"https:\/\/chacosintesis.com.ar\/index.php\/wp-json\/wp\/v2\/posts\/26506","targetHints":{"allow":["GET"]}}],"collection":[{"href":"https:\/\/chacosintesis.com.ar\/index.php\/wp-json\/wp\/v2\/posts"}],"about":[{"href":"https:\/\/chacosintesis.com.ar\/index.php\/wp-json\/wp\/v2\/types\/post"}],"author":[{"embeddable":true,"href":"https:\/\/chacosintesis.com.ar\/index.php\/wp-json\/wp\/v2\/users\/1"}],"replies":[{"embeddable":true,"href":"https:\/\/chacosintesis.com.ar\/index.php\/wp-json\/wp\/v2\/comments?post=26506"}],"version-history":[{"count":0,"href":"https:\/\/chacosintesis.com.ar\/index.php\/wp-json\/wp\/v2\/posts\/26506\/revisions"}],"wp:featuredmedia":[{"embeddable":true,"href":"https:\/\/chacosintesis.com.ar\/index.php\/wp-json\/wp\/v2\/media\/26507"}],"wp:attachment":[{"href":"https:\/\/chacosintesis.com.ar\/index.php\/wp-json\/wp\/v2\/media?parent=26506"}],"wp:term":[{"taxonomy":"category","embeddable":true,"href":"https:\/\/chacosintesis.com.ar\/index.php\/wp-json\/wp\/v2\/categories?post=26506"},{"taxonomy":"post_tag","embeddable":true,"href":"https:\/\/chacosintesis.com.ar\/index.php\/wp-json\/wp\/v2\/tags?post=26506"}],"curies":[{"name":"wp","href":"https:\/\/api.w.org\/{rel}","templated":true}]}}