{"id":26504,"date":"2023-09-07T00:12:03","date_gmt":"2023-09-07T03:12:03","guid":{"rendered":"https:\/\/chacosintesis.com.ar\/?p=26504"},"modified":"2023-09-07T00:36:59","modified_gmt":"2023-09-07T03:36:59","slug":"inscriben-para-la-maestria-en-planificacion-y-gestion-publica-de-la-uncaus","status":"publish","type":"post","link":"https:\/\/chacosintesis.com.ar\/index.php\/inscriben-para-la-maestria-en-planificacion-y-gestion-publica-de-la-uncaus\/","title":{"rendered":"Inscriben para la Maestr\u00eda en Planificaci\u00f3n y Gesti\u00f3n P\u00fablica de la UNCAUS"},"content":{"rendered":"<div class=\"postie-post\">La propuesta de posgrado durar\u00e1 dos a\u00f1os y se dictar\u00e1 de manera virtual. Quienes deseen inscribirse, deber\u00e1n contar con t\u00edtulo universitario de carreras vinculadas al \u00e1rea pol\u00edtica, social, jur\u00eddica o econ\u00f3mica. Compartir Twittear Correo electr\u00f3nico Compartir<br \/>\nCon fecha de inicio de clases a confirmar, la Universidad Nacional del Chaco Austral anunci\u00f3 la apertura de inscripciones de una nueva propuesta acad\u00e9mica de Posgrado, la Maestr\u00eda en Planificaci\u00f3n y Gesti\u00f3n p\u00fablica, que se dictar\u00e1 con modalidad virtual por dos a\u00f1os.<br \/>\nLa misma est\u00e1 aprobada por dictamen de aprobaci\u00f3n de CONEAU, Acta N\u00b0 560 y 583 de aprobaci\u00f3n. Tambi\u00e9n aprobada por Resoluci\u00f3n N\u00b0 280\/22 del Consejo Superior de la Universidad.<br \/>\nLa Maestr\u00eda en Planificaci\u00f3n y Gesti\u00f3n p\u00fablica posee dieciocho materias, entre cursos, seminarios o talleres que buscan formar profesionales capaces de contribuir, desde una perspectiva tecno-pol\u00edtica, a mejorar el dise\u00f1o y la implementaci\u00f3n de pol\u00edticas p\u00fablicas en cualquiera de los tres niveles de gobierno (municipal, provincial y nacional), as\u00ed como participar en procesos de seguimiento, evaluaci\u00f3n y comunicaci\u00f3n de las mismas, para fortalecer su consistencia, viabilidad y retroalimentaci\u00f3n.<br \/>\nEst\u00e1 destinada a egresados de universidades nacionales o privadas, con t\u00edtulo universitario de grado o de nivel superior no universitario de cuatro a\u00f1os de duraci\u00f3n como m\u00ednimo, de carreras vinculadas al \u00e1rea pol\u00edtica, social, jur\u00eddica o econ\u00f3mica. Tambi\u00e9n podr\u00e1n ser admitidos los graduados con t\u00edtulos similares a los mencionados, provenientes de universidades extranjeras, que cumplimenten con los requisitos de convalidaci\u00f3n de t\u00edtulos conforme la legislaci\u00f3n vigente.<br \/>\nQuienes quieran inscribirse, deber\u00e1n contar con t\u00edtulo universitario de carreras vinculadas al \u00e1rea pol\u00edtica, social, jur\u00eddica o econ\u00f3mica. Para m\u00e1s informaci\u00f3n ingresar en <a href=\"https:\/\/cursos.uncaus.edu.ar\">cursos.uncaus.edu.ar<\/a>.<\/div>\n","protected":false},"excerpt":{"rendered":"<p>La propuesta de posgrado durar\u00e1 dos a\u00f1os y se dictar\u00e1 de manera virtual. Quienes deseen inscribirse, deber\u00e1n contar con t\u00edtulo universitario de carreras vinculadas al \u00e1rea pol\u00edtica, social, jur\u00eddica o econ\u00f3mica. Compartir Twittear Correo electr\u00f3nico Compartir Con fecha de inicio de clases a confirmar, la Universidad Nacional del Chaco Austral anunci\u00f3 la apertura de inscripciones [&hellip;]<\/p>\n","protected":false},"author":1,"featured_media":26505,"comment_status":"closed","ping_status":"closed","sticky":false,"template":"","format":"standard","meta":{"footnotes":""},"categories":[6],"tags":[],"class_list":{"0":"post-26504","1":"post","2":"type-post","3":"status-publish","4":"format-standard","5":"has-post-thumbnail","7":"category-chaco"},"_links":{"self":[{"href":"https:\/\/chacosintesis.com.ar\/index.php\/wp-json\/wp\/v2\/posts\/26504","targetHints":{"allow":["GET"]}}],"collection":[{"href":"https:\/\/chacosintesis.com.ar\/index.php\/wp-json\/wp\/v2\/posts"}],"about":[{"href":"https:\/\/chacosintesis.com.ar\/index.php\/wp-json\/wp\/v2\/types\/post"}],"author":[{"embeddable":true,"href":"https:\/\/chacosintesis.com.ar\/index.php\/wp-json\/wp\/v2\/users\/1"}],"replies":[{"embeddable":true,"href":"https:\/\/chacosintesis.com.ar\/index.php\/wp-json\/wp\/v2\/comments?post=26504"}],"version-history":[{"count":0,"href":"https:\/\/chacosintesis.com.ar\/index.php\/wp-json\/wp\/v2\/posts\/26504\/revisions"}],"wp:featuredmedia":[{"embeddable":true,"href":"https:\/\/chacosintesis.com.ar\/index.php\/wp-json\/wp\/v2\/media\/26505"}],"wp:attachment":[{"href":"https:\/\/chacosintesis.com.ar\/index.php\/wp-json\/wp\/v2\/media?parent=26504"}],"wp:term":[{"taxonomy":"category","embeddable":true,"href":"https:\/\/chacosintesis.com.ar\/index.php\/wp-json\/wp\/v2\/categories?post=26504"},{"taxonomy":"post_tag","embeddable":true,"href":"https:\/\/chacosintesis.com.ar\/index.php\/wp-json\/wp\/v2\/tags?post=26504"}],"curies":[{"name":"wp","href":"https:\/\/api.w.org\/{rel}","templated":true}]}}