{"id":26498,"date":"2023-09-07T00:07:14","date_gmt":"2023-09-07T03:07:14","guid":{"rendered":"https:\/\/chacosintesis.com.ar\/?p=26498"},"modified":"2023-09-07T00:36:40","modified_gmt":"2023-09-07T03:36:40","slug":"convocan-a-graduados-para-realizar-especializaciones-en-italia","status":"publish","type":"post","link":"https:\/\/chacosintesis.com.ar\/index.php\/convocan-a-graduados-para-realizar-especializaciones-en-italia\/","title":{"rendered":"Convocan a graduados para realizar especializaciones en Italia"},"content":{"rendered":"<div class=\"postie-post\">La beca tendr\u00e1 una duraci\u00f3n m\u00ednima de tres meses y m\u00e1xima de seis, y consiste en el aporte mensual de 1500 euros. Los y las postulantes deben tener hasta 40 a\u00f1os y ciudadan\u00eda y residencia en uno de los pa\u00edses miembros de la IILA en Am\u00e9rica Latina.<br \/>\nDesde el ministerio de Educaci\u00f3n de la Naci\u00f3n informaron sobre la convocatoria a becas para realizar especializaciones en Italia. La Organizaci\u00f3n Internacional \u00cdtalo-Latinoamericana (IILA), con el financiamiento de la Direcci\u00f3n General para la Cooperaci\u00f3n al Desarrollo del Ministerio de Asuntos Exteriores y Cooperaci\u00f3n Internacional de Italia, concede becas a ciudadanos provenientes de pa\u00edses latinoamericanos especializados en tem\u00e1ticas espec\u00edficas.<br \/>\nPara presentarse los interesados deben tener conocimientos en alguna de las siguientes \u00e1reas:<br \/>\n&#8211; Agroalimentos y tecnolog\u00edas agropecuarias, con \u00e9nfasis en frutas tropicales, productos originarios, alimentaci\u00f3n animal, nutrac\u00e9utica, alimentos funcionales y aplicaci\u00f3n de nuevas tecnolog\u00edas a productos y a la seguridad alimentaria.<br \/>\n-Sostenibilidad ambiental y energ\u00edas renovables, con particular enfoque en acciones orientadas a la protecci\u00f3n del agua, del aire y del suelo, a la conservaci\u00f3n de la biodiversidad, a la observaci\u00f3n de la Tierra, a la lucha contra la desertificaci\u00f3n, a las medidas de adaptaci\u00f3n y mitigaci\u00f3n de los efectos de cambio clim\u00e1tico y del estudio y\/o desarrollo y aplicaci\u00f3n de energ\u00edas verdes (e\u00f3lica, solar y\/o geot\u00e9rmica).<br \/>\n&#8211; Ciencias de la Vida y Biotecnolog\u00eda, con prioridad a las propuestas relacionadas con Medicina pedi\u00e1trica, oncol\u00f3gica, enfermedades cr\u00f3nicas no transmisibles, as\u00ed como para aquellas relacionadas con la aplicaci\u00f3n de biotecnolog\u00edas en el sector de la salud, del ambiente y\/o de los alimentos.<br \/>\n&#8211; Ciencias y tecnolog\u00edas espaciales, principalmente las propuestas centradas en la observaci\u00f3n de la Tierra y el universo, las Ciencias de la Vida y la Medicina espacial, la Ingenier\u00eda y las tecnolog\u00edas de plataformas de sat\u00e9lites, la econom\u00eda y el derecho espacial, y las relacionadas con cualquiera de las otras \u00e1reas tem\u00e1ticas de esta convocatoria.<br \/>\n&#8211; Conservaci\u00f3n, tutela, restauraci\u00f3n del patrimonio cultural, con enfoque en aquellas propuestas que contemplen la puesta en valor del patrimonio material e inmaterial, la participaci\u00f3n de las comunidades y los proyectos de formaci\u00f3n de formadores.<br \/>\nLa beca, que tendr\u00e1 una duraci\u00f3n m\u00ednima de tres meses y m\u00e1xima de seis meses, consiste en el desembolso mensual de 1500 euros para gastos de alojamiento y alimentaci\u00f3n; y seguro contra enfermedades, accidentes y responsabilidad civil. Los gastos de viaje de ida y vuelta desde el pa\u00eds de origen a Italia quedar\u00e1n a cargo del\/de la becario\/a o de la entidad de pertenencia, tal y como los gastos para obtener la documentaci\u00f3n necesaria.<br \/>\nLos y las postulantes deben tener ciudadan\u00eda y residencia en uno de los pa\u00edses miembros de la IILA en Am\u00e9rica Latina y una edad m\u00e1xima de 35 a\u00f1os. En caso de candidatas con hijos, el l\u00edmite de edad se extiende hasta un a\u00f1o por hijo (hasta tres a\u00f1os\/hijos).<br \/>\nLa fecha de cierre de la convocatoria es el 30 de septiembre de 2023. Para ampliar la informaci\u00f3n y acceder a las bases y condiciones de la beca ingresar aqu\u00ed.<\/div>\n","protected":false},"excerpt":{"rendered":"<p>La beca tendr\u00e1 una duraci\u00f3n m\u00ednima de tres meses y m\u00e1xima de seis, y consiste en el aporte mensual de 1500 euros. Los y las postulantes deben tener hasta 40 a\u00f1os y ciudadan\u00eda y residencia en uno de los pa\u00edses miembros de la IILA en Am\u00e9rica Latina. Desde el ministerio de Educaci\u00f3n de la Naci\u00f3n [&hellip;]<\/p>\n","protected":false},"author":1,"featured_media":26499,"comment_status":"closed","ping_status":"closed","sticky":false,"template":"","format":"standard","meta":{"footnotes":""},"categories":[6],"tags":[],"class_list":{"0":"post-26498","1":"post","2":"type-post","3":"status-publish","4":"format-standard","5":"has-post-thumbnail","7":"category-chaco"},"_links":{"self":[{"href":"https:\/\/chacosintesis.com.ar\/index.php\/wp-json\/wp\/v2\/posts\/26498","targetHints":{"allow":["GET"]}}],"collection":[{"href":"https:\/\/chacosintesis.com.ar\/index.php\/wp-json\/wp\/v2\/posts"}],"about":[{"href":"https:\/\/chacosintesis.com.ar\/index.php\/wp-json\/wp\/v2\/types\/post"}],"author":[{"embeddable":true,"href":"https:\/\/chacosintesis.com.ar\/index.php\/wp-json\/wp\/v2\/users\/1"}],"replies":[{"embeddable":true,"href":"https:\/\/chacosintesis.com.ar\/index.php\/wp-json\/wp\/v2\/comments?post=26498"}],"version-history":[{"count":0,"href":"https:\/\/chacosintesis.com.ar\/index.php\/wp-json\/wp\/v2\/posts\/26498\/revisions"}],"wp:featuredmedia":[{"embeddable":true,"href":"https:\/\/chacosintesis.com.ar\/index.php\/wp-json\/wp\/v2\/media\/26499"}],"wp:attachment":[{"href":"https:\/\/chacosintesis.com.ar\/index.php\/wp-json\/wp\/v2\/media?parent=26498"}],"wp:term":[{"taxonomy":"category","embeddable":true,"href":"https:\/\/chacosintesis.com.ar\/index.php\/wp-json\/wp\/v2\/categories?post=26498"},{"taxonomy":"post_tag","embeddable":true,"href":"https:\/\/chacosintesis.com.ar\/index.php\/wp-json\/wp\/v2\/tags?post=26498"}],"curies":[{"name":"wp","href":"https:\/\/api.w.org\/{rel}","templated":true}]}}