{"id":26494,"date":"2023-09-07T00:03:14","date_gmt":"2023-09-07T03:03:14","guid":{"rendered":"https:\/\/chacosintesis.com.ar\/?p=26494"},"modified":"2023-09-07T00:08:09","modified_gmt":"2023-09-07T03:08:09","slug":"puerto-las-palmas-chaco-inaugura-una-obra-historica-y-estrategica-para-el-desarrollo-productivo","status":"publish","type":"post","link":"https:\/\/chacosintesis.com.ar\/index.php\/puerto-las-palmas-chaco-inaugura-una-obra-historica-y-estrategica-para-el-desarrollo-productivo\/","title":{"rendered":"Puerto Las Palmas: Chaco inaugura una obra hist\u00f3rica y estrat\u00e9gica para el desarrollo productivo"},"content":{"rendered":"<div class=\"postie-post\">El gobernador habilitar\u00e1 la estaci\u00f3n portuaria que potenciar\u00e1 la log\u00edstica regional dando una alternativa de carga que impulsar\u00e1 al sector productivo chaque\u00f1o y de la zona. Adem\u00e1s, en la misma jornada, se habilitar\u00e1 m\u00faltiples obras en varias localidades del departamento Bermejo.<br \/>\nEl gobernador Jorge Capitanich inaugurar\u00e1 este jueves 7, desde las 17, el complejo Puerto Las Palmas, una mega obra hist\u00f3rica y de gran valor que permitir\u00e1 impulsar el desarrollo productivo del Chaco y la regi\u00f3n. Se estima que 90 empresas de exportaci\u00f3n y 30 empresas de importaci\u00f3n ser\u00e1n, en un principio, los posibles usuarios directos de la terminal portuaria de aguas profundas construida.<br \/>\nAdem\u00e1s, acompa\u00f1ado de la vicegobernadora Anal\u00eda Rach Quiroga y del ministro de Planificaci\u00f3n, Econom\u00eda e Infraestructura, Santiago P\u00e9rez Pons, en Las Palmas, el gobernador tambi\u00e9n habilitar\u00e1 la refacci\u00f3n integral de un Centro de Salud y un sal\u00f3n parroquial. Seguidamente, en La Leonesa inaugurar\u00e1 la obra del Hospital Nivel III \u201cDr. Alejandro Flemming\u201d, la remodelaci\u00f3n de la Plaza Central y un nuevo sal\u00f3n de usos m\u00faltiples, en el barrio Belgrano. Por \u00faltimo, en General Vedia, se habilitar\u00e1 el estadio Arena de la localidad.<br \/>\nEl Puerto, una obra hist\u00f3rica<br \/>\n\u201cEn el Gobierno trabajamos incansablemente para generar m\u00e1s oportunidades de negocios para el sector productivo chaque\u00f1o. Afianzamos el trabajo entre el Estado y el sector privado en el entendimiento que es as\u00ed, juntos, como logramos el crecimiento de nuestra provincia y el desarrollo de nuestra gente. La megaobra del Puerto Las Palmas es una estrategia para el mejor funcionamiento del transporte de la producci\u00f3n regional&#8221;, explic\u00f3 el ministro P\u00e9rez Pons.<br \/>\nEl proyecto, cuya planificaci\u00f3n inici\u00f3 en 2013 y comenz\u00f3 a concretarse en 2016, consta de un muelle de 201 metros, una plazoleta con capacidad almacenamiento para 300 contenedores, un almac\u00e9n cubierto para acopio, una gr\u00faa para contenedores con capacidad para 75 toneladas m\u00e1s una cargadora frontal, adem\u00e1s de una zona aduanera, caniles, un espacio de dep\u00f3sito y 15 oficinas administrativas.<br \/>\nLa ejecuci\u00f3n del complejo cont\u00f3 con financiaci\u00f3n del Fondo Financiero para el Desarrollo de la Cuenca del Plata (FONPLATA), fondos propios de la provincia y recursos provenientes del Estado nacional. Entre las obras tambi\u00e9n se contempl\u00f3 el desarrollo de una red de lucha contra incendios, torres de iluminaci\u00f3n el cercado del predio, la pavimentaci\u00f3n de los espacios y la ampliaci\u00f3n de la planta potabilizadora de agua que abastecer\u00e1 a la terminal y zonas aleda\u00f1as.<br \/>\nEsta terminal portuaria impactar\u00e1 de manera directa en la producci\u00f3n regional, brindando una alternativa de carga e impulsando la eficiencia en los costos log\u00edsticos para productores teniendo como ventaja competitiva la posici\u00f3n del muelle de carga sobre el canal principal de navegaci\u00f3n. En este marco se estima que podr\u00e1 cargar m\u00e1s de 7000 contenedores por a\u00f1o para exportaciones y 945 contenedores por a\u00f1o de importaciones.<br \/>\nM\u00e1s obras para el crecimiento y desarrollo del departamento Bermejo<br \/>\nEn la misma jornada, el mandatario provincial habilitar\u00e1 la remodelaci\u00f3n y refacci\u00f3n integral del Centro de Salud de Las Palmas. Con una inversi\u00f3n superior a los 89 millones de pesos, los trabajos abarcaron intervenciones en la estructura edilicia, sumando varias \u00e1reas de atenci\u00f3n m\u00e9dica (cl\u00ednicas, consultorios, farmacias, vacunatorio, sanitarios, m\u00faltiples oficinas, etc\u00e9tera).<br \/>\nTambi\u00e9n en Las Palmas, Capitanich inaugurar\u00e1 la obra de un Sal\u00f3n Parroquial, ejecutado con una inversi\u00f3n superior a los 38 millones de pesos del Ministerio de Planificaci\u00f3n, Econom\u00eda e Infraestructura.<br \/>\nLuego, en General Vedia, y junto al intendente Jos\u00e9 Carbajal, el gobernador habilitar\u00e1 la obra de refacci\u00f3n de la plaza central, as\u00ed como el Sal\u00f3n de Usos M\u00faltiples de la CCC en el barrio Belgrano y la refacci\u00f3n integral y ampliaci\u00f3n del hospital de la localidad. Por \u00faltimo, General Vedia, junto al intendente Jorge Rodr\u00edguez, Capitanich habilitar\u00e1 la refacci\u00f3n y remodelaci\u00f3n del estadio Arena, una obra superior a los 70 millones de pesos, en el marco de un hist\u00f3rico plan de obras de infraestructura deportiva ejecutado en toda la provincia.<\/div>\n","protected":false},"excerpt":{"rendered":"<p>El gobernador habilitar\u00e1 la estaci\u00f3n portuaria que potenciar\u00e1 la log\u00edstica regional dando una alternativa de carga que impulsar\u00e1 al sector productivo chaque\u00f1o y de la zona. Adem\u00e1s, en la misma jornada, se habilitar\u00e1 m\u00faltiples obras en varias localidades del departamento Bermejo. El gobernador Jorge Capitanich inaugurar\u00e1 este jueves 7, desde las 17, el complejo Puerto [&hellip;]<\/p>\n","protected":false},"author":1,"featured_media":26495,"comment_status":"closed","ping_status":"closed","sticky":false,"template":"","format":"standard","meta":{"footnotes":""},"categories":[6],"tags":[],"class_list":{"0":"post-26494","1":"post","2":"type-post","3":"status-publish","4":"format-standard","5":"has-post-thumbnail","7":"category-chaco"},"_links":{"self":[{"href":"https:\/\/chacosintesis.com.ar\/index.php\/wp-json\/wp\/v2\/posts\/26494","targetHints":{"allow":["GET"]}}],"collection":[{"href":"https:\/\/chacosintesis.com.ar\/index.php\/wp-json\/wp\/v2\/posts"}],"about":[{"href":"https:\/\/chacosintesis.com.ar\/index.php\/wp-json\/wp\/v2\/types\/post"}],"author":[{"embeddable":true,"href":"https:\/\/chacosintesis.com.ar\/index.php\/wp-json\/wp\/v2\/users\/1"}],"replies":[{"embeddable":true,"href":"https:\/\/chacosintesis.com.ar\/index.php\/wp-json\/wp\/v2\/comments?post=26494"}],"version-history":[{"count":0,"href":"https:\/\/chacosintesis.com.ar\/index.php\/wp-json\/wp\/v2\/posts\/26494\/revisions"}],"wp:featuredmedia":[{"embeddable":true,"href":"https:\/\/chacosintesis.com.ar\/index.php\/wp-json\/wp\/v2\/media\/26495"}],"wp:attachment":[{"href":"https:\/\/chacosintesis.com.ar\/index.php\/wp-json\/wp\/v2\/media?parent=26494"}],"wp:term":[{"taxonomy":"category","embeddable":true,"href":"https:\/\/chacosintesis.com.ar\/index.php\/wp-json\/wp\/v2\/categories?post=26494"},{"taxonomy":"post_tag","embeddable":true,"href":"https:\/\/chacosintesis.com.ar\/index.php\/wp-json\/wp\/v2\/tags?post=26494"}],"curies":[{"name":"wp","href":"https:\/\/api.w.org\/{rel}","templated":true}]}}