{"id":26492,"date":"2023-09-07T00:01:07","date_gmt":"2023-09-07T03:01:07","guid":{"rendered":"https:\/\/chacosintesis.com.ar\/?p=26492"},"modified":"2023-09-07T00:08:02","modified_gmt":"2023-09-07T03:08:02","slug":"capitanich-la-provincia-ofrece-una-plataforma-de-desarrollo-estrategica-para-inversores","status":"publish","type":"post","link":"https:\/\/chacosintesis.com.ar\/index.php\/capitanich-la-provincia-ofrece-una-plataforma-de-desarrollo-estrategica-para-inversores\/","title":{"rendered":"Capitanich: \u201cLa provincia ofrece una plataforma de desarrollo estrat\u00e9gica para inversores\u201d"},"content":{"rendered":"<div class=\"postie-post\">El nuevo edificio demand\u00f3 una inversi\u00f3n privada de 10 millones de d\u00f3lares y gener\u00f3 700 empleos directos y 900 indirectos. Es el primero en la provincia que cuenta con la categor\u00eda Plaza, marca premium de la cadena, y m\u00e1s del 70% de los materiales decorativos fueron adquiridos localmente.<br \/>\nEl gobernador Jorge Capitanich particip\u00f3 este mi\u00e9rcoles de la inauguraci\u00f3n del Hotel Howard Johnson Plaza &#8220;La Ribera&#8221; en la ciudad de Resistencia, junto a funcionarios locales y representantes de la empresa.<br \/>\n\u201cSabemos muy bien que nuestra provincia ofrece una plataforma de desarrollo estrat\u00e9gica para los inversores, y creemos que esta compa\u00f1\u00eda tiene enormes posibilidades de seguir expandiendo su base hotelera. Much\u00edsimas gracias por confiar en el Chaco, y vamos a seguir apoyando estos emprendimientos que promueven algo esencial para la dignidad humana: el trabajo\u201d, expres\u00f3 el mandatario durante el acto de apertura.<br \/>\nLa obra, de inversi\u00f3n privada, otorg\u00f3 700 empleos directos y m\u00e1s de 900 de forma indirecta, y ser\u00e1 el primer establecimiento de la provincia que cuente con la categor\u00eda &#8220;Plaza&#8221;, marca Premium de la cadena.<br \/>\nHaciendo hincapi\u00e9 en los beneficios tur\u00edsticos de este hotel, Capitanich destac\u00f3 que \u201ctenemos todas las condiciones para atraer el turismo exterior para el desarrollo de una industria que tiene un efecto importante como cadena de valor. Por eso, hemos expandido la generaci\u00f3n de infraestructura hotelera y plazas, que eran de unas 1.855 y que pasar\u00e1n a ser a la brevedad de 2.300 aproximadamente\u201d.<br \/>\nEl nuevo hotel se encuentra en el barrio La Ribera y se construy\u00f3 sobre 10 hect\u00e1reas, con una superficie cubierta de 9.800 metros cuadrados y 3.000 metros cuadrados de parque. Tiene 104 habitaciones (12 en suite y 92 dobles), con capacidad para albergar entre 250 y 300 hu\u00e9spedes. Tambi\u00e9n cuenta con salas de reuniones o eventos sociales e instalaciones para brindar servicios de gastronom\u00eda local en dos restaurantes: Carmela y Terra con rooftop.<br \/>\n\u201cUn hotel de estas caracter\u00edsticas en la provincia genera orgullo, y sobre todo por el nivel de optimismo que hubo durante su construcci\u00f3n, ralentizado por una pandemia que destruy\u00f3 a la hoteler\u00eda como fuente de ingreso hasta su recomposici\u00f3n\u201d, se\u00f1al\u00f3 el gobernador, quien tambi\u00e9n expres\u00f3 su visto bueno para impulsar a la marca a instalarse en cercan\u00edas de El Impenetrable chaque\u00f1o, \u201cpara propiciar que turistas de todo el mundo puedan ir a un lugar de reserva natural de la humanidad\u201d.<br \/>\nEl proyecto cont\u00f3 con una inversi\u00f3n de 10 millones de d\u00f3lares, en donde m\u00e1s del 70% de materiales y componentes decorativos fueron adquiridos en la provincia. Adem\u00e1s, es importante remarcar que otorg\u00f3 empleo en la construcci\u00f3n del proyecto a 700 personas de forma directa y a m\u00e1s de 900 en forma indirecta.<br \/>\n\u201cEste hotel ser\u00e1 un ejemplo para otros inversores\u201d<\/p>\n<p>En este contexto, el presidente del Grupo Hotelero Albamonte (GHA) y representante de Howard Johnson para Argentina, Chile y Paraguay, Alberto Albamonte, agradeci\u00f3 la presencia de las autoridades del Gobierno y afirm\u00f3 que \u201ceste es un hotel que los chaque\u00f1os lo van a sentir con mucho orgullo, porque habr\u00e1 un antes y un despu\u00e9s luego de esta inauguraci\u00f3n. Tambi\u00e9n quiero se\u00f1alar que este hotel ser\u00e1 un ejemplo para otros empresarios, para que inviertan en esta provincia\u201d.<br \/>\nPor su parte, el presidente del Instituto de Turismo, Ariel Ybarra, destac\u00f3 \u201cesta nueva inauguraci\u00f3n de un hotel en Resistencia, algo que antes era un d\u00e9ficit en la ciudad. Es por eso que estamos muy contentos de poder seguir aumentando el n\u00famero de plazas, entendiendo la din\u00e1mica que est\u00e1 teniendo el sector privado con el p\u00fablico para continuar generando empleo en la provincia\u201d.<\/p>\n<p>06\/09\/2023 | Resistencia, Chaco.<br \/>\nAPERTURA DEL HOTEL HOWARD JOHNSON RESISTENCIA<br \/>\nCapitanich: \u201cLa provincia ofrece una plataforma de desarrollo estrat\u00e9gica para inversores\u201d<br \/>\nEl nuevo edificio demand\u00f3 una inversi\u00f3n privada de 10 millones de d\u00f3lares y gener\u00f3 700 empleos directos y 900 indirectos. Es el primero en la provincia que cuenta con la categor\u00eda Plaza, marca premium de la cadena, y m\u00e1s del 70% de los materiales decorativos fueron adquiridos localmente.<br \/>\n Compartir Twittear Correo electr\u00f3nico Compartir<br \/>\nEl gobernador Jorge Capitanich particip\u00f3 este mi\u00e9rcoles de la inauguraci\u00f3n del Hotel Howard Johnson Plaza &#8220;La Ribera&#8221; en la ciudad de Resistencia, junto a funcionarios locales y representantes de la empresa.<br \/>\n\u201cSabemos muy bien que nuestra provincia ofrece una plataforma de desarrollo estrat\u00e9gica para los inversores, y creemos que esta compa\u00f1\u00eda tiene enormes posibilidades de seguir expandiendo su base hotelera. Much\u00edsimas gracias por confiar en el Chaco, y vamos a seguir apoyando estos emprendimientos que promueven algo esencial para la dignidad humana: el trabajo\u201d, expres\u00f3 el mandatario durante el acto de apertura.<br \/>\nLa obra, de inversi\u00f3n privada, otorg\u00f3 700 empleos directos y m\u00e1s de 900 de forma indirecta, y ser\u00e1 el primer establecimiento de la provincia que cuente con la categor\u00eda &#8220;Plaza&#8221;, marca Premium de la cadena.<br \/>\nHaciendo hincapi\u00e9 en los beneficios tur\u00edsticos de este hotel, Capitanich destac\u00f3 que \u201ctenemos todas las condiciones para atraer el turismo exterior para el desarrollo de una industria que tiene un efecto importante como cadena de valor. Por eso, hemos expandido la generaci\u00f3n de infraestructura hotelera y plazas, que eran de unas 1.855 y que pasar\u00e1n a ser a la brevedad de 2.300 aproximadamente\u201d.<\/p>\n<p>El nuevo hotel se encuentra en el barrio La Ribera y se construy\u00f3 sobre 10 hect\u00e1reas, con una superficie cubierta de 9.800 metros cuadrados y 3.000 metros cuadrados de parque. Tiene 104 habitaciones (12 en suite y 92 dobles), con capacidad para albergar entre 250 y 300 hu\u00e9spedes. Tambi\u00e9n cuenta con salas de reuniones o eventos sociales e instalaciones para brindar servicios de gastronom\u00eda local en dos restaurantes: Carmela y Terra con rooftop.<br \/>\n\u201cUn hotel de estas caracter\u00edsticas en la provincia genera orgullo, y sobre todo por el nivel de optimismo que hubo durante su construcci\u00f3n, ralentizado por una pandemia que destruy\u00f3 a la hoteler\u00eda como fuente de ingreso hasta su recomposici\u00f3n\u201d, se\u00f1al\u00f3 el gobernador, quien tambi\u00e9n expres\u00f3 su visto bueno para impulsar a la marca a instalarse en cercan\u00edas de El Impenetrable chaque\u00f1o, \u201cpara propiciar que turistas de todo el mundo puedan ir a un lugar de reserva natural de la humanidad\u201d.<br \/>\nEl proyecto cont\u00f3 con una inversi\u00f3n de 10 millones de d\u00f3lares, en donde m\u00e1s del 70% de materiales y componentes decorativos fueron adquiridos en la provincia. Adem\u00e1s, es importante remarcar que otorg\u00f3 empleo en la construcci\u00f3n del proyecto a 700 personas de forma directa y a m\u00e1s de 900 en forma indirecta.<\/p>\n<p>\u201cEste hotel ser\u00e1 un ejemplo para otros inversores\u201d<\/p>\n<p>En este contexto, el presidente del Grupo Hotelero Albamonte (GHA) y representante de Howard Johnson para Argentina, Chile y Paraguay, Alberto Albamonte, agradeci\u00f3 la presencia de las autoridades del Gobierno y afirm\u00f3 que \u201ceste es un hotel que los chaque\u00f1os lo van a sentir con mucho orgullo, porque habr\u00e1 un antes y un despu\u00e9s luego de esta inauguraci\u00f3n. Tambi\u00e9n quiero se\u00f1alar que este hotel ser\u00e1 un ejemplo para otros empresarios, para que inviertan en esta provincia\u201d.<br \/>\nPor su parte, el presidente del Instituto de Turismo, Ariel Ybarra, destac\u00f3 \u201cesta nueva inauguraci\u00f3n de un hotel en Resistencia, algo que antes era un d\u00e9ficit en la ciudad. Es por eso que estamos muy contentos de poder seguir aumentando el n\u00famero de plazas, entendiendo la din\u00e1mica que est\u00e1 teniendo el sector privado con el p\u00fablico para continuar generando empleo en la provincia\u201d.<\/p>\n<p>A su vez, el director Financiero del Grupo de Talentos Hoteleros (GTH), Daniel Claro, explic\u00f3 que \u201cla idea es que sea un hotel no solo para turistas, sino tambi\u00e9n para que los locales lo puedan disfrutar. Tiene restaurantes, gimnasio, spa, pileta y otros servicios de membres\u00eda pensados para la comunidad de Resistencia. Para nosotros esto es muy importante, porque sabemos que la llegada de una empresa como esta es s\u00faper positiva en muchos aspectos\u201d.<br \/>\nFinalmente, el director de operaciones del GTH, Lucas Garabello, expres\u00f3 que \u201cestamos muy felices de poder desembarcar en Resistencia, una ciudad sumamente interesante y en constante crecimiento en lo que es el turismo, por lo cual venir con la marca Howard Johnson para nosotros es un honor. Realmente nos sentimos muy bien recibidos, para finalizar esta instalaci\u00f3n que inici\u00f3 all\u00e1 por el 2017\u201d.<br \/>\nParticiparon de la inauguraci\u00f3n el ministro de Planificaci\u00f3n, Econom\u00eda e Infraestructura, Santiago Perez Pons; el ministro de Producci\u00f3n, Industria y Empleo, Sebasti\u00e1n Lifton; el vicepresidente del Instituto de Turismo, Mauro Flores; el presidente de Wyndham Latinoam\u00e9rica, Gustavo Viescas; el copropietario del Hotel Howard Johnson, Miguel Warnier; representantes de la C\u00e1mara de Comercio y empresarios locales.<\/p><\/div>\n","protected":false},"excerpt":{"rendered":"<p>El nuevo edificio demand\u00f3 una inversi\u00f3n privada de 10 millones de d\u00f3lares y gener\u00f3 700 empleos directos y 900 indirectos. Es el primero en la provincia que cuenta con la categor\u00eda Plaza, marca premium de la cadena, y m\u00e1s del 70% de los materiales decorativos fueron adquiridos localmente. El gobernador Jorge Capitanich particip\u00f3 este mi\u00e9rcoles [&hellip;]<\/p>\n","protected":false},"author":1,"featured_media":26493,"comment_status":"closed","ping_status":"closed","sticky":false,"template":"","format":"standard","meta":{"footnotes":""},"categories":[6],"tags":[],"class_list":{"0":"post-26492","1":"post","2":"type-post","3":"status-publish","4":"format-standard","5":"has-post-thumbnail","7":"category-chaco"},"_links":{"self":[{"href":"https:\/\/chacosintesis.com.ar\/index.php\/wp-json\/wp\/v2\/posts\/26492","targetHints":{"allow":["GET"]}}],"collection":[{"href":"https:\/\/chacosintesis.com.ar\/index.php\/wp-json\/wp\/v2\/posts"}],"about":[{"href":"https:\/\/chacosintesis.com.ar\/index.php\/wp-json\/wp\/v2\/types\/post"}],"author":[{"embeddable":true,"href":"https:\/\/chacosintesis.com.ar\/index.php\/wp-json\/wp\/v2\/users\/1"}],"replies":[{"embeddable":true,"href":"https:\/\/chacosintesis.com.ar\/index.php\/wp-json\/wp\/v2\/comments?post=26492"}],"version-history":[{"count":0,"href":"https:\/\/chacosintesis.com.ar\/index.php\/wp-json\/wp\/v2\/posts\/26492\/revisions"}],"wp:featuredmedia":[{"embeddable":true,"href":"https:\/\/chacosintesis.com.ar\/index.php\/wp-json\/wp\/v2\/media\/26493"}],"wp:attachment":[{"href":"https:\/\/chacosintesis.com.ar\/index.php\/wp-json\/wp\/v2\/media?parent=26492"}],"wp:term":[{"taxonomy":"category","embeddable":true,"href":"https:\/\/chacosintesis.com.ar\/index.php\/wp-json\/wp\/v2\/categories?post=26492"},{"taxonomy":"post_tag","embeddable":true,"href":"https:\/\/chacosintesis.com.ar\/index.php\/wp-json\/wp\/v2\/tags?post=26492"}],"curies":[{"name":"wp","href":"https:\/\/api.w.org\/{rel}","templated":true}]}}