{"id":26480,"date":"2023-09-06T23:37:53","date_gmt":"2023-09-07T02:37:53","guid":{"rendered":"https:\/\/chacosintesis.com.ar\/?p=26480"},"modified":"2023-09-07T00:07:20","modified_gmt":"2023-09-07T03:07:20","slug":"feria-iberoamericana-del-libro-del-chaco-chaco-es-la-unica-provincia-que-ofrece-libros-al-50-de-su-valor","status":"publish","type":"post","link":"https:\/\/chacosintesis.com.ar\/index.php\/feria-iberoamericana-del-libro-del-chaco-chaco-es-la-unica-provincia-que-ofrece-libros-al-50-de-su-valor\/","title":{"rendered":"Feria Iberoamericana del Libro del Chaco: Chaco es la \u00fanica provincia que ofrece libros al 50% de su valor"},"content":{"rendered":"<div class=\"postie-post\">Librer\u00edas y editoriales dan cuenta de las ventas en la edici\u00f3n 2023. Todas las editoriales y librer\u00edas de Resistencia.<br \/>\nCon el lema \u201cLeer en democracia\u201d se vive la 15\u00aa Edici\u00f3n de la FILC, con actividades que se llevan a cabo en el predio del Domo del Centenario, hasta el 10 de septiembre. Los libros pueden adquirirse al 50 por ciento de su valor de mercado.<br \/>\nEn esta edici\u00f3n, que celebra m\u00e1s de quince a\u00f1os de trayectoria, aseguran que \u201clas obras m\u00e1s vendidas son de literatura cl\u00e1sica, de autores chaque\u00f1os y libros infantiles\u201d. La Feria Iberoamericana del Libro Chaco 2023 es organizada por la Fundaci\u00f3n del Libro y la Cultura y el Gobierno de la Provincia del Chaco a trav\u00e9s del Instituto de Cultura y de los ministerios de Educaci\u00f3n y de Planificaci\u00f3n, Econom\u00eda e Infraestructura.<br \/>\n\u201cEl p\u00fablico est\u00e1 acompa\u00f1ando esta edici\u00f3n de la feria. El fin de semana miles de personas pas\u00f3 por nuestros stands buscando literatura cl\u00e1sica, autores chaque\u00f1os y libros infantiles. El volumen de ventas est\u00e1 superando las expectativas y esto es posible gracias a los descuentos de libros al 50%\u201d, destac\u00f3 Rub\u00e9n Duk, propietario de la librer\u00eda y editorial Contexto que despleg\u00f3 en la feria m\u00e1s de 80 mil ejemplares y supera los 20 mil t\u00edtulos nuevos.<br \/>\nEn el mismo sentido, la librer\u00eda y editorial De La Paz puso de relieve que \u201cgracias al descuento que brinda el Gobierno del Chaco del 50% los lectores pueden acceder al libro de una manera m\u00e1s f\u00e1cil y econ\u00f3mica. La venta de libros que estamos teniendo es muy buena\u201d. La estrella para esta editorial y librer\u00eda sigue siendo Hugo Mitoire, con la colecci\u00f3n Cuentos de terror para Franco seguido de literatura cl\u00e1sica juvenil.<br \/>\nTodas las editoriales y librer\u00edas de Resistencia<br \/>\nEl apoyo del Gobierno de la Provincia del Chaco al fortalecimiento de las industrias culturales locales permite que librer\u00edas y editoriales puedan ofrecer libros al 50 %. En esta edici\u00f3n participan todas las editoriales y librer\u00edas de Resistencia: Editorial y Librer\u00eda Contexto, Librer\u00eda y Papeler\u00eda Casa Garc\u00eda, Ediciones Paulinas, Librer\u00eda Las Ca\u00f1itas, Librer\u00eda El \u00c1rbol Amarillo, Editorial Eudene \u2013 Universidad Nacional del Nordeste, Editorial Literatura Tropical, Editorial Uncaus, Librer\u00eda y Editorial De La Paz y Milka Libros.<br \/>\nPoes\u00eda y canciones<br \/>\nPara el jueves 7 y viernes 8 de septiembre, de 17 a 19, en el Espacio Turquesa, &#8220;El mundo cabe en una canci\u00f3n&#8221;, un taller de lectura, oralidad y escritura literaria a cargo de Germ\u00e1n Parmetler, con cupos limitados. Para m\u00e1s informaci\u00f3n escribir a <a href=\"mailto:info@fundaciondellibroylacultura.com.ar\">info@fundaciondellibroylacultura.com.ar<\/a><br \/>\nEl s\u00e1bado 9 de septiembre, de 19 a 21, en el Espacio Magenta, y bajo el lema \u201cPoes\u00eda es Resistencia\u201d se realizar\u00e1 la 4\u00aa edici\u00f3n del Festival Internacional de Poes\u00eda, curado por la poeta Claudia Masin y coordinado por Maia Bradford. Estar\u00e1n presentes: Robin Myers, Alicia Genovese, \u00c1ngelo Vara Dadone, Claudia Masin, Daiana V\u00e1zquez, Daniel Lipara, Estefan\u00eda Ceballos, Evelin Bochle, Fabi\u00e1n Yauzas, Flor L\u00f3pez, Franco Rivero, Lara Schaefer, Mar\u00eda Elena Romero, Mar\u00eda Bak\u00fan, Mariana Vacs y Mario Caparra.<br \/>\nDestacados de agenda<br \/>\nEste mi\u00e9rcoles 6 de septiembre, a las 19 en el Espacio Azul de la FILC, se podr\u00e1 disfrutar de la propuesta de Saborido y Rep, quienes dar\u00e1n la charla Qu\u00e9 va a pasar con el peronismo.<br \/>\nEl jueves 7, a las 20, se presenta el libro Chaco. 8 tesis para otra historia, de Francisco \u201cTete\u201d Romero, presentado por Mariana Giordano.<br \/>\nEl s\u00e1bado 9, a las 19, Juan Basterra presenta Pampa del Infierno, de Miguel \u00c1ngel Molfino.<br \/>\nEl domingo, a las 19, Flor Freijo cerrar\u00e1 la Feria con su charla: \u201cDi\u00e1logos que nos debemos para construir v\u00ednculos afectivos m\u00e1s igualitarios\u201d.<br \/>\nLas propuestas musicales para este viernes 8 de septiembre a las 21 llegar\u00e1n con el Coro Sinf\u00f3nico. El s\u00e1bado 9 la tarde arrancar\u00e1 con Victor Sikora y despu\u00e9s volver\u00e1 al escenario la propuesta chaque\u00f1a de Tierra Verde. Ya en la noche, FILC Flow se presentar\u00e1 con Resistencia Blood\/Poxxi\/Notcriu + Alon +Negroovs.<br \/>\nEl domingo 10, en el marco del gran cierre del FIL Chaco 2023 estar\u00e1n Bloco de Girasoles. Tambi\u00e9n el domingo a las 19 el espect\u00e1culo Chacolaborativa: Pablo Poblado, Negroovs, Algo al spiedo, Luli Maidana, La Fuegah, Naave (Formosa), Purahei Soul &#8211; Sol G\u00f3mez (Paraguay), Gast\u00f3n Nakazato (Misiones) y Tajy (Corrientes). Para despedir la Feria hasta el pr\u00f3ximo a\u00f1o llegar\u00e1 La Bomba de Tiempo.<br \/>\nLa agenda completa se puede ver en la web: <a href=\"http:\/\/www.filchaco.com.ar\">www.filchaco.com.ar<\/a><\/div>\n","protected":false},"excerpt":{"rendered":"<p>Librer\u00edas y editoriales dan cuenta de las ventas en la edici\u00f3n 2023. Todas las editoriales y librer\u00edas de Resistencia. Con el lema \u201cLeer en democracia\u201d se vive la 15\u00aa Edici\u00f3n de la FILC, con actividades que se llevan a cabo en el predio del Domo del Centenario, hasta el 10 de septiembre. Los libros pueden [&hellip;]<\/p>\n","protected":false},"author":1,"featured_media":26481,"comment_status":"closed","ping_status":"closed","sticky":false,"template":"","format":"standard","meta":{"footnotes":""},"categories":[6],"tags":[],"class_list":{"0":"post-26480","1":"post","2":"type-post","3":"status-publish","4":"format-standard","5":"has-post-thumbnail","7":"category-chaco"},"_links":{"self":[{"href":"https:\/\/chacosintesis.com.ar\/index.php\/wp-json\/wp\/v2\/posts\/26480","targetHints":{"allow":["GET"]}}],"collection":[{"href":"https:\/\/chacosintesis.com.ar\/index.php\/wp-json\/wp\/v2\/posts"}],"about":[{"href":"https:\/\/chacosintesis.com.ar\/index.php\/wp-json\/wp\/v2\/types\/post"}],"author":[{"embeddable":true,"href":"https:\/\/chacosintesis.com.ar\/index.php\/wp-json\/wp\/v2\/users\/1"}],"replies":[{"embeddable":true,"href":"https:\/\/chacosintesis.com.ar\/index.php\/wp-json\/wp\/v2\/comments?post=26480"}],"version-history":[{"count":0,"href":"https:\/\/chacosintesis.com.ar\/index.php\/wp-json\/wp\/v2\/posts\/26480\/revisions"}],"wp:featuredmedia":[{"embeddable":true,"href":"https:\/\/chacosintesis.com.ar\/index.php\/wp-json\/wp\/v2\/media\/26481"}],"wp:attachment":[{"href":"https:\/\/chacosintesis.com.ar\/index.php\/wp-json\/wp\/v2\/media?parent=26480"}],"wp:term":[{"taxonomy":"category","embeddable":true,"href":"https:\/\/chacosintesis.com.ar\/index.php\/wp-json\/wp\/v2\/categories?post=26480"},{"taxonomy":"post_tag","embeddable":true,"href":"https:\/\/chacosintesis.com.ar\/index.php\/wp-json\/wp\/v2\/tags?post=26480"}],"curies":[{"name":"wp","href":"https:\/\/api.w.org\/{rel}","templated":true}]}}