{"id":26478,"date":"2023-09-06T23:30:47","date_gmt":"2023-09-07T02:30:47","guid":{"rendered":"https:\/\/chacosintesis.com.ar\/?p=26478"},"modified":"2023-09-07T00:07:13","modified_gmt":"2023-09-07T03:07:13","slug":"encuentro-por-el-dia-del-testigo-de-lesa-humanidad-en-la-casa-por-la-memoria","status":"publish","type":"post","link":"https:\/\/chacosintesis.com.ar\/index.php\/encuentro-por-el-dia-del-testigo-de-lesa-humanidad-en-la-casa-por-la-memoria\/","title":{"rendered":"Encuentro por el D\u00eda del Testigo de Lesa Humanidad en la Casa por la Memoria"},"content":{"rendered":"<div class=\"postie-post\">El viernes 8 de septiembre, a las 18:30, en Marcelo T. de Alvear 32, se llevar\u00e1 a cabo un panel con la participaci\u00f3n de Rub\u00e9n L\u00f3pez, hijo de Julio L\u00f3pez y de ex detenidos y detenidas por motivos pol\u00edticos. En su gran mayor\u00eda, son sobrevivientes que testimoniaron en juicios de lesa humanidad de la regi\u00f3n.<br \/>\nEn el marco de la conmemoraci\u00f3n del D\u00eda del Testigo de Lesa Humanidad, el viernes 8 de septiembre, a las 18.30, en la sede de la Casa por la Memoria (Marcelo T. de Alvear 32), se realizar\u00e1 un encuentro que contar\u00e1 con la presencia de ex detenidas y detenidos por razones pol\u00edticas y sobrevivientes que testimoniaron en los juicios de lesa humildad de la regi\u00f3n.<br \/>\nEsta iniciativa, organizada por la Comisi\u00f3n Provincial por la Memoria (CPM), busca recuperar el rol hist\u00f3rico de la palabra de las y los testigos en los juicios de lesa humanidad y resaltar su compromiso y coraje en la consolidaci\u00f3n de la democracia chaque\u00f1a y argentina.<br \/>\nSer\u00e1n parte del panel los ex detenidos y detenidas Judith, Ricky Uferer, Mar\u00eda Julia Morresi y David Garc\u00eda, quienes fueron testigos en las causas en los juicios de lesa humanidad que se han desarrollado en la regi\u00f3n desde el a\u00f1o 2010 a la fecha.<br \/>\nAporte hist\u00f3rico<br \/>\nCada uno de las y los testigos en juicios tuvieron un papel protag\u00f3nico en la construcci\u00f3n de la memoria, la verdad y justicia al momento de declarar en los juicios de lesa humanidad que se han desarrollado en la regi\u00f3n desde el a\u00f1o 2010 a la fecha: juicio oral por la Masacre de Margarita Bel\u00e9n que juzg\u00f3 el fusilamiento clandestino de un grupo de detenidos y detenidas pol\u00edticas (2010-2011); Causa Brigada Caballero (2010); causa Margarita Bel\u00e9n II- Tosso (2013), por cuatro desapariciones en el marco de la masacrare.<br \/>\nCausa Brigada II (2016-2018); causa Ligas Agrarias (2019); la causa por complicidad civil donde se conden\u00f3 por primera vez en Chaco a un ex funcionario judicial (2019); causa Brigada III, por secuestros y torturas (2021); condena al ex polic\u00eda Chas que hab\u00eda sido absuelto en la causa Masacre en 2011; y causa Conscriptos por torturas a soldados que hacia la conscripci\u00f3n (2022); a lo que se suma el juicio por la verdad por la Masacre de Napalp\u00ed, que se desarrolla como la continuidad del proceso de juzgamiento al genocidio militar durante la \u00faltima dictadura, realizado en el a\u00f1o 2022.<br \/>\nGrilla<br \/>\nLa apertura estar\u00e1 encabezada por el presidente de la CPM, Santiago Osuna; la secretaria de Derechos Humanos y G\u00e9neros del Chaco, Silvana P\u00e9rez; el fiscal ad hoc Diego Vigay y Rub\u00e9n L\u00f3pez, hijo del desaparecido Julio L\u00f3pez. Como moderador estar\u00e1 el ex detenido pol\u00edtico Carlos \u201cRat\u00f3n\u201d Aranda.<br \/>\nSeguidamente, a las 19:30, legisladores provinciales har\u00e1n entrega a diputados y diputadas nacionales de una copia de la Ley Provincial N\u00b0 3742-B que instituye el 18 de septiembre de cada a\u00f1o como D\u00eda del Testigo por Delitos de Lesa Humanidad en el Chaco en conmemoraci\u00f3n a la desaparici\u00f3n de Jorge Julio L\u00f3pez, ocurrida en el a\u00f1o 2006, quien fuera testigo clave en el juicio contra Miguel Etchecolatz por cr\u00edmenes cometidos durante la \u00faltima dictadura c\u00edvico militar.<br \/>\nComo cierre se realizar\u00e1 una Pe\u00f1a por la Memoria, desde las 20:30, con la actuaci\u00f3n del grupo musical santafesino Mario Ruiz con los Navegantes de la Luna.<\/div>\n","protected":false},"excerpt":{"rendered":"<p>El viernes 8 de septiembre, a las 18:30, en Marcelo T. de Alvear 32, se llevar\u00e1 a cabo un panel con la participaci\u00f3n de Rub\u00e9n L\u00f3pez, hijo de Julio L\u00f3pez y de ex detenidos y detenidas por motivos pol\u00edticos. En su gran mayor\u00eda, son sobrevivientes que testimoniaron en juicios de lesa humanidad de la regi\u00f3n. [&hellip;]<\/p>\n","protected":false},"author":1,"featured_media":26479,"comment_status":"closed","ping_status":"closed","sticky":false,"template":"","format":"standard","meta":{"footnotes":""},"categories":[6],"tags":[],"class_list":{"0":"post-26478","1":"post","2":"type-post","3":"status-publish","4":"format-standard","5":"has-post-thumbnail","7":"category-chaco"},"_links":{"self":[{"href":"https:\/\/chacosintesis.com.ar\/index.php\/wp-json\/wp\/v2\/posts\/26478","targetHints":{"allow":["GET"]}}],"collection":[{"href":"https:\/\/chacosintesis.com.ar\/index.php\/wp-json\/wp\/v2\/posts"}],"about":[{"href":"https:\/\/chacosintesis.com.ar\/index.php\/wp-json\/wp\/v2\/types\/post"}],"author":[{"embeddable":true,"href":"https:\/\/chacosintesis.com.ar\/index.php\/wp-json\/wp\/v2\/users\/1"}],"replies":[{"embeddable":true,"href":"https:\/\/chacosintesis.com.ar\/index.php\/wp-json\/wp\/v2\/comments?post=26478"}],"version-history":[{"count":0,"href":"https:\/\/chacosintesis.com.ar\/index.php\/wp-json\/wp\/v2\/posts\/26478\/revisions"}],"wp:featuredmedia":[{"embeddable":true,"href":"https:\/\/chacosintesis.com.ar\/index.php\/wp-json\/wp\/v2\/media\/26479"}],"wp:attachment":[{"href":"https:\/\/chacosintesis.com.ar\/index.php\/wp-json\/wp\/v2\/media?parent=26478"}],"wp:term":[{"taxonomy":"category","embeddable":true,"href":"https:\/\/chacosintesis.com.ar\/index.php\/wp-json\/wp\/v2\/categories?post=26478"},{"taxonomy":"post_tag","embeddable":true,"href":"https:\/\/chacosintesis.com.ar\/index.php\/wp-json\/wp\/v2\/tags?post=26478"}],"curies":[{"name":"wp","href":"https:\/\/api.w.org\/{rel}","templated":true}]}}