{"id":26476,"date":"2023-09-06T23:36:27","date_gmt":"2023-09-07T02:36:27","guid":{"rendered":"https:\/\/chacosintesis.com.ar\/?p=26476"},"modified":"2023-09-07T00:07:02","modified_gmt":"2023-09-07T03:07:02","slug":"el-gobierno-provincial-intervino-ante-un-caso-de-emergencia-en-un-centro-de-salud","status":"publish","type":"post","link":"https:\/\/chacosintesis.com.ar\/index.php\/el-gobierno-provincial-intervino-ante-un-caso-de-emergencia-en-un-centro-de-salud\/","title":{"rendered":"El Gobierno Provincial intervino ante un caso de emergencia en un centro de salud"},"content":{"rendered":"<div class=\"postie-post\">Se trat\u00f3 de una situaci\u00f3n ocurrida con un usuario en el Centro de Consumos Problem\u00e1ticos de la comunidad. Ning\u00fan trabajador result\u00f3 lesionado, as\u00ed como tampoco el usuario, ni se registraron da\u00f1os materiales en el lugar.<br \/>\nEn el transcurso de la ma\u00f1ana de este mi\u00e9rcoles ocurri\u00f3 una emergencia de salud mental que afect\u00f3 a un usuario frecuente del Centro de Consumos Problem\u00e1ticos del barrio Toba y a trabajadores y trabajadoras del mismo efector.<br \/>\nDe inmediato se pusieron en alerta y activaron los mecanismos para abordar la crisis de los que participaron en forma conjunta equipos de los ministerios de Seguridad y Justicia y de Salud P\u00fablica del Chaco. Ning\u00fan trabajador result\u00f3 lesionado, as\u00ed como tampoco el usuario, ni se registraron da\u00f1os materiales en el lugar.<br \/>\nAcompa\u00f1aron la intervenci\u00f3n el subsecretario de Seguridad, Leandro \u00c1lvarez, y los subsecretarios de Salud, Carlos Fern\u00e1ndez, y Promoci\u00f3n de la Salud, Paula Sartor, adem\u00e1s del director de la Unidad de Asuntos Jur\u00eddicos, Mariano Obreg\u00f3n Fasola, y la directora de Atenci\u00f3n Social en Salud, Leidy Nichiporuk.<br \/>\nNing\u00fan trabajador result\u00f3 lesionado, as\u00ed como tampoco el usuario, ni se registraron da\u00f1os materiales en el lugar. La Polic\u00eda del Chaco estuvo presente en todo momento acompa\u00f1ando la situaci\u00f3n, evitando situaciones de violencia, y con un operativo para que el personal que intervenga trabaje correctamente.<\/div>\n","protected":false},"excerpt":{"rendered":"<p>Se trat\u00f3 de una situaci\u00f3n ocurrida con un usuario en el Centro de Consumos Problem\u00e1ticos de la comunidad. Ning\u00fan trabajador result\u00f3 lesionado, as\u00ed como tampoco el usuario, ni se registraron da\u00f1os materiales en el lugar. En el transcurso de la ma\u00f1ana de este mi\u00e9rcoles ocurri\u00f3 una emergencia de salud mental que afect\u00f3 a un usuario [&hellip;]<\/p>\n","protected":false},"author":1,"featured_media":26477,"comment_status":"closed","ping_status":"closed","sticky":false,"template":"","format":"standard","meta":{"footnotes":""},"categories":[6],"tags":[],"class_list":{"0":"post-26476","1":"post","2":"type-post","3":"status-publish","4":"format-standard","5":"has-post-thumbnail","7":"category-chaco"},"_links":{"self":[{"href":"https:\/\/chacosintesis.com.ar\/index.php\/wp-json\/wp\/v2\/posts\/26476","targetHints":{"allow":["GET"]}}],"collection":[{"href":"https:\/\/chacosintesis.com.ar\/index.php\/wp-json\/wp\/v2\/posts"}],"about":[{"href":"https:\/\/chacosintesis.com.ar\/index.php\/wp-json\/wp\/v2\/types\/post"}],"author":[{"embeddable":true,"href":"https:\/\/chacosintesis.com.ar\/index.php\/wp-json\/wp\/v2\/users\/1"}],"replies":[{"embeddable":true,"href":"https:\/\/chacosintesis.com.ar\/index.php\/wp-json\/wp\/v2\/comments?post=26476"}],"version-history":[{"count":0,"href":"https:\/\/chacosintesis.com.ar\/index.php\/wp-json\/wp\/v2\/posts\/26476\/revisions"}],"wp:featuredmedia":[{"embeddable":true,"href":"https:\/\/chacosintesis.com.ar\/index.php\/wp-json\/wp\/v2\/media\/26477"}],"wp:attachment":[{"href":"https:\/\/chacosintesis.com.ar\/index.php\/wp-json\/wp\/v2\/media?parent=26476"}],"wp:term":[{"taxonomy":"category","embeddable":true,"href":"https:\/\/chacosintesis.com.ar\/index.php\/wp-json\/wp\/v2\/categories?post=26476"},{"taxonomy":"post_tag","embeddable":true,"href":"https:\/\/chacosintesis.com.ar\/index.php\/wp-json\/wp\/v2\/tags?post=26476"}],"curies":[{"name":"wp","href":"https:\/\/api.w.org\/{rel}","templated":true}]}}