{"id":26474,"date":"2023-09-06T23:34:06","date_gmt":"2023-09-07T02:34:06","guid":{"rendered":"https:\/\/chacosintesis.com.ar\/?p=26474"},"modified":"2023-09-06T23:36:47","modified_gmt":"2023-09-07T02:36:47","slug":"historico-juicio-en-castelli-jurado-popular-declaro-culpable-de-homicidio-en-estado-de-emocion-violenta-a-mauricio-seibel","status":"publish","type":"post","link":"https:\/\/chacosintesis.com.ar\/index.php\/historico-juicio-en-castelli-jurado-popular-declaro-culpable-de-homicidio-en-estado-de-emocion-violenta-a-mauricio-seibel\/","title":{"rendered":"Hist\u00f3rico juicio en Castelli: jurado popular declar\u00f3 culpable de homicidio en estado de emoci\u00f3n violenta a Mauricio Seibel"},"content":{"rendered":"<div class=\"postie-post\">Concluy\u00f3 el primer juicio por jurados en la sexta circunscripci\u00f3n judicial del Chaco en la causa N\u00ba 4.363\/2021-6 en el que intervinieron como jueza t\u00e9cnica la camarista Alejandra Genovese, el fiscal de C\u00e1mara Carlos Fabricio Calvo, el fiscal de investigaci\u00f3n N\u00ba 2 Ger\u00f3nimo Roggero; N\u00e9stor Irasusta y Sergio Abrigo como querellantes particulares y Jos\u00e9 Maidana en el rol de abogado defensor.<br \/>\nEl jurado popular de Castelli declar\u00f3 a Mauricio Alejandro Seibel culpable del delito menor incluido en la acusaci\u00f3n principal de homicidio simple en estado de emoci\u00f3n violenta agravado por el uso del arma de fuego en perjuicio de Gast\u00f3n Galv\u00e1n el 18 de diciembre de 2021.<br \/>\nDe esta manera concluy\u00f3 el primer juicio por jurados en la sexta circunscripci\u00f3n judicial del Chaco en la causa N\u00ba 4.363\/2021-6 en el que intervinieron como jueza t\u00e9cnica la camarista Alejandra Genovese, el fiscal de C\u00e1mara Carlos Fabricio Calvo, el fiscal de investigaci\u00f3n N\u00ba 2 Ger\u00f3nimo Roggero; N\u00e9stor Irasusta y Sergio Abrigo como querellantes particulares y Jos\u00e9 Maidana en el rol de abogado defensor.<br \/>\nFueron tres d\u00edas de audiencias desarrolladas en el auditorio del edificio de tribunales local. En la primera efectuaron la audiencia de selecci\u00f3n y Genovese ley\u00f3 las instrucciones iniciales a los doce jurados titulares y cuatro suplentes distribuidos en igual cantidad entre mujeres y varones.<br \/>\nEl martes fue el momento de los alegatos de apertura y declararon los seis testigos ofrecidos por las partes, tras lo cual el Seibel declar\u00f3. La \u00faltima jornada de audiencias comenz\u00f3 con los alegatos finales. Al finalizar, Seibel decidi\u00f3 declarar nuevamente. Posteriormente la jueza ley\u00f3 las instrucciones finales tras lo cual el jurado pas\u00f3 a deliberar.<br \/>\nDurante todo el juicio fueron transmitidas a trav\u00e9s del canal de Youtube de la Oficina Judicial Central de Juicio por Jurados: <a href=\"https:\/\/www.youtube.com\/channel\/UC9lAokdQxde7s17Z9jJm4Xw\">www.youtube.com\/channel\/UC9lAokdQxde7s17Z9jJm4Xw<\/a> las instancias de  instrucciones iniciales, alegatos de apertura y de cierre, instrucciones finales y veredicto que permanecer\u00e1n disponibles para ser vistas en cualquier momento.<br \/>\n43 juicios por jurado en el Chaco<br \/>\nCon este juicio, Castelli se sum\u00f3 a Resistencia, Villa \u00c1ngela y S\u00e1enz Pe\u00f1a como las cabeceras de circunscripci\u00f3n en las que se realizaron juicios por jurados. Hasta el momento hubo 43 juicios de este tipo en toda la provincia. En Resistencia suman 38 desde el debut del sistema en 2019. Mientras que en Villa \u00c1ngela y S\u00e1enz Pe\u00f1a se realizaron dos en cada una a partir de su vigencia en 2022 y se suma el primero efectuado en Castelli.<br \/>\nEn tanto que semanas atr\u00e1s el Superior Tribunal de Justicia estableci\u00f3 mediante la resoluci\u00f3n 660\/23 que el sistema de juicio por jurados regir\u00e1 en Charata y General San Mart\u00edn (cabeceras de la cuarta y quinta circunscripci\u00f3n judicial) para las causas que sean elevadas a juicio a partir del 1 de diciembre de 2023.<\/div>\n","protected":false},"excerpt":{"rendered":"<p>Concluy\u00f3 el primer juicio por jurados en la sexta circunscripci\u00f3n judicial del Chaco en la causa N\u00ba 4.363\/2021-6 en el que intervinieron como jueza t\u00e9cnica la camarista Alejandra Genovese, el fiscal de C\u00e1mara Carlos Fabricio Calvo, el fiscal de investigaci\u00f3n N\u00ba 2 Ger\u00f3nimo Roggero; N\u00e9stor Irasusta y Sergio Abrigo como querellantes particulares y Jos\u00e9 Maidana [&hellip;]<\/p>\n","protected":false},"author":1,"featured_media":26475,"comment_status":"closed","ping_status":"closed","sticky":false,"template":"","format":"standard","meta":{"footnotes":""},"categories":[6],"tags":[],"class_list":{"0":"post-26474","1":"post","2":"type-post","3":"status-publish","4":"format-standard","5":"has-post-thumbnail","7":"category-chaco"},"_links":{"self":[{"href":"https:\/\/chacosintesis.com.ar\/index.php\/wp-json\/wp\/v2\/posts\/26474","targetHints":{"allow":["GET"]}}],"collection":[{"href":"https:\/\/chacosintesis.com.ar\/index.php\/wp-json\/wp\/v2\/posts"}],"about":[{"href":"https:\/\/chacosintesis.com.ar\/index.php\/wp-json\/wp\/v2\/types\/post"}],"author":[{"embeddable":true,"href":"https:\/\/chacosintesis.com.ar\/index.php\/wp-json\/wp\/v2\/users\/1"}],"replies":[{"embeddable":true,"href":"https:\/\/chacosintesis.com.ar\/index.php\/wp-json\/wp\/v2\/comments?post=26474"}],"version-history":[{"count":0,"href":"https:\/\/chacosintesis.com.ar\/index.php\/wp-json\/wp\/v2\/posts\/26474\/revisions"}],"wp:featuredmedia":[{"embeddable":true,"href":"https:\/\/chacosintesis.com.ar\/index.php\/wp-json\/wp\/v2\/media\/26475"}],"wp:attachment":[{"href":"https:\/\/chacosintesis.com.ar\/index.php\/wp-json\/wp\/v2\/media?parent=26474"}],"wp:term":[{"taxonomy":"category","embeddable":true,"href":"https:\/\/chacosintesis.com.ar\/index.php\/wp-json\/wp\/v2\/categories?post=26474"},{"taxonomy":"post_tag","embeddable":true,"href":"https:\/\/chacosintesis.com.ar\/index.php\/wp-json\/wp\/v2\/tags?post=26474"}],"curies":[{"name":"wp","href":"https:\/\/api.w.org\/{rel}","templated":true}]}}