{"id":26470,"date":"2023-09-06T16:43:17","date_gmt":"2023-09-06T19:43:17","guid":{"rendered":"https:\/\/chacosintesis.com.ar\/?p=26470"},"modified":"2023-09-06T17:06:56","modified_gmt":"2023-09-06T20:06:56","slug":"el-ballet-contemporaneo-del-chaco-en-la-feria-del-libro-2023","status":"publish","type":"post","link":"https:\/\/chacosintesis.com.ar\/index.php\/el-ballet-contemporaneo-del-chaco-en-la-feria-del-libro-2023\/","title":{"rendered":"El Ballet Contempor\u00e1neo del Chaco en la Feria del Libro 2023"},"content":{"rendered":"<div class=\"postie-post\">Este jueves 7 de septiembre, a las 19, en el Espacio Azul de la Feria Iberoamericana del Libro del Chaco (FILC) se presentar\u00e1 el Ballet Contempor\u00e1neo del Chaco (BCC), elenco dependiente del Instituto de Cultura (ICCH). Al igual que todas las actividades de la feria, la entrada es libre y gratuita.<br \/>\nEl BCC, dirigido por Mariela Alarc\u00f3n, tras m\u00e1s de trece a\u00f1os de existencia se ha convertido en un emblema de arte, trabajo en equipo y testimonio de creatividad, enfrentando con el lenguaje y las herramientas de la danza los avatares de la historia.<br \/>\nActualmente el BCC cuenta con un elenco integrado en su mayor\u00eda por mujeres: Mar\u00eda Cristaldo Correa, Irina Palandella, Celeste Reinoso, Daiana Soto, Eliana Jara, Roc\u00edo Barreto Mercado, Lourdes Orellanoz, Giselle Bogado, Javier Vraskha, Gast\u00f3n Tehant y Federico Fern\u00e1ndez. Los asistentes coreogr\u00e1ficos son Lisandro Sosa y Mart\u00edn Candia. Y el equipo se completa con la maestra en danza cl\u00e1sica \u00c9rica Ferrazzano, la vestuarista Ver\u00f3nica Pereyra, el iluminador Federico Monz\u00f3n, el mantenimiento de Silvana Nieva, y la administraci\u00f3n de Mariana Del Valle. La direcci\u00f3n General y Art\u00edstica contin\u00faa, desde su inicio, en manos de Mariela Alarc\u00f3n.<br \/>\nLa Feria se llevar\u00e1 adelante hasta el 10 de septiembre en el Domo del Centenario de Resistencia, bajo el lema \u201cLeer en democracia\u201d. Organizada por la Fundaci\u00f3n del Libro y la Cultura y el Gobierno de la Provincia del Chaco a trav\u00e9s del ICCH, junto a los ministerios de Educaci\u00f3n y de Planificaci\u00f3n, Econom\u00eda e Infraestructura, esta prestigiosa Feria celebra m\u00e1s de quince a\u00f1os de trayectoria.<br \/>\nChaco es la \u00fanica provincia del pa\u00eds que aplica la propuesta del libro a mitad de precio. Los libros con descuentos del 50% es una acci\u00f3n generada por el Gobierno del Chaco y un claro apoyo al fortalecimiento de las industrias culturales locales. De esta edici\u00f3n 2023 participan Librer\u00eda y Editorial De La Paz, Librer\u00eda y Papeler\u00eda Casa Garc\u00eda, Ediciones Paulinas, Librer\u00eda Las Ca\u00f1itas, Librer\u00eda El \u00c1rbol Amarillo, Editorial Eudene \u2013 Universidad Nacional del Nordeste, Editorial Literatura Tropical, Editorial Uncaus, Editorial y Librer\u00eda Contexto, y Milka Libros. La grilla completa de actividades de la feria puede consultarse en <a href=\"https:\/\/www.filchaco.com.ar\/\">www.filchaco.com.ar\/<\/a><br \/>\nBreve historia<br \/>\nEl BCC se conform\u00f3 el 21 de junio de 2009 mediante un concurso p\u00fablico para diez bailarines y bailarinas, designaci\u00f3n de Direcci\u00f3n Art\u00edstica y equipo. Aquella jornada se concret\u00f3 en el Complejo Cultural Guido Miranda, con un jurado compuesto por Alejandro Cervera, Carlos Trunsky, Lucas Garcilazo y Mariela Alarc\u00f3n.<br \/>\nEse elenco pionero qued\u00f3 formado por Giselle Bogado, Lourdes Orellanoz, Antonella Ojeda, Roc\u00edo Barreto Mercado, Betiana Pujol Cajal, Nicol\u00e1s Ch\u00e1vez, Rodrigo Exequiel Etelechea, Rodrigo Pujol Cajal, Lisandro Sosa y Mart\u00edn Candia; y se completaba con Mariela Alarc\u00f3n (Direcci\u00f3n General), Lucas Garcilazo (Director Adjunto), Luis Sosa (Regisseur), \u00c9rica Ferrazzano, Mar\u00eda Kuhmichel (Maestras) y Mariana Del Valle (Administraci\u00f3n).<br \/>\nA partir del 15 de octubre de dicho a\u00f1o, en el marco de su gestaci\u00f3n como cuerpo art\u00edstico, el BCC llev\u00f3 adelante su programa inaugural con una gira por localidades chaque\u00f1as, que culmin\u00f3 en Resistencia. Las obras de estreno incluyeron a los core\u00f3grafos Leonardo Cuello, Marilyn Granada, Lucas Garcilazo y Mariela Alarc\u00f3n. En esos tiempos iniciales, el elenco ensayaba en los salones del I.S.P.E.A. Danza &amp; Teatro. En 2010, el BCC consigui\u00f3 su sede definitiva en el primer piso de Casa de las Culturas. Con el correr del tiempo se fueron sumando y rotando las y los bailarines, maestros, t\u00e9cnicos, directores y creativos, tanto locales como externos. Y el Ballet fue sumando presentaciones y giras por Argentina y los pa\u00edses lim\u00edtrofes.<br \/>\nPara conocer sobre las actividades y producciones que el cuerpo art\u00edstico lleva adelante se puede visitar el Facebook del Ballet Contempor\u00e1neo del Chaco y el sitio en Instagram @balletcontemporaneodelchaco.<\/div>\n","protected":false},"excerpt":{"rendered":"<p>Este jueves 7 de septiembre, a las 19, en el Espacio Azul de la Feria Iberoamericana del Libro del Chaco (FILC) se presentar\u00e1 el Ballet Contempor\u00e1neo del Chaco (BCC), elenco dependiente del Instituto de Cultura (ICCH). Al igual que todas las actividades de la feria, la entrada es libre y gratuita. El BCC, dirigido por [&hellip;]<\/p>\n","protected":false},"author":1,"featured_media":26471,"comment_status":"closed","ping_status":"closed","sticky":false,"template":"","format":"standard","meta":{"footnotes":""},"categories":[6],"tags":[],"class_list":{"0":"post-26470","1":"post","2":"type-post","3":"status-publish","4":"format-standard","5":"has-post-thumbnail","7":"category-chaco"},"_links":{"self":[{"href":"https:\/\/chacosintesis.com.ar\/index.php\/wp-json\/wp\/v2\/posts\/26470","targetHints":{"allow":["GET"]}}],"collection":[{"href":"https:\/\/chacosintesis.com.ar\/index.php\/wp-json\/wp\/v2\/posts"}],"about":[{"href":"https:\/\/chacosintesis.com.ar\/index.php\/wp-json\/wp\/v2\/types\/post"}],"author":[{"embeddable":true,"href":"https:\/\/chacosintesis.com.ar\/index.php\/wp-json\/wp\/v2\/users\/1"}],"replies":[{"embeddable":true,"href":"https:\/\/chacosintesis.com.ar\/index.php\/wp-json\/wp\/v2\/comments?post=26470"}],"version-history":[{"count":0,"href":"https:\/\/chacosintesis.com.ar\/index.php\/wp-json\/wp\/v2\/posts\/26470\/revisions"}],"wp:featuredmedia":[{"embeddable":true,"href":"https:\/\/chacosintesis.com.ar\/index.php\/wp-json\/wp\/v2\/media\/26471"}],"wp:attachment":[{"href":"https:\/\/chacosintesis.com.ar\/index.php\/wp-json\/wp\/v2\/media?parent=26470"}],"wp:term":[{"taxonomy":"category","embeddable":true,"href":"https:\/\/chacosintesis.com.ar\/index.php\/wp-json\/wp\/v2\/categories?post=26470"},{"taxonomy":"post_tag","embeddable":true,"href":"https:\/\/chacosintesis.com.ar\/index.php\/wp-json\/wp\/v2\/tags?post=26470"}],"curies":[{"name":"wp","href":"https:\/\/api.w.org\/{rel}","templated":true}]}}