{"id":26466,"date":"2023-09-06T16:33:58","date_gmt":"2023-09-06T19:33:58","guid":{"rendered":"https:\/\/chacosintesis.com.ar\/?p=26466"},"modified":"2023-09-06T16:37:04","modified_gmt":"2023-09-06T19:37:04","slug":"ciervo-petiso-inauguraron-la-ruta-provincial-n30-y-refacciones-de-la-iglesia-y-el-jardin-de-infantes","status":"publish","type":"post","link":"https:\/\/chacosintesis.com.ar\/index.php\/ciervo-petiso-inauguraron-la-ruta-provincial-n30-y-refacciones-de-la-iglesia-y-el-jardin-de-infantes\/","title":{"rendered":"Ciervo Petiso: Inauguraron la Ruta Provincial N\u00b030 y refacciones de la Iglesia y el Jard\u00edn de Infantes"},"content":{"rendered":"<div class=\"postie-post\">\u201cConectar localidades es cambiar la vida de nuestras comunidades\u201d, expres\u00f3 Capitanich.<br \/>\nEste mi\u00e9rcoles, el gobernador Jorge Milton Capitanich, junto a la vicegobernadora Anal\u00eda Rach Quiroga y el intendente de Ciervo Petiso, Ram\u00f3n Alderete inauguraron la Ruta Provincial N\u00b030, la refacci\u00f3n de la Iglesia Sagrado Coraz\u00f3n de Jes\u00fas y del Jard\u00edn de Infantes anexo a la EEP N\u00b0421 \u201cElvira Herrera de Kaenel\u201d.<br \/>\nEn primer lugar se llev\u00f3 a cabo la inauguraci\u00f3n de la Ruta Provincial N\u00b030, que vincula las localidades de Colonias Unidas, Ciervo Petiso y Laguna Limpia. Estuvieron presentes tambi\u00e9n el administrador general de Vialidad Provincial, Hugo Varela; el Diputado Nacional, Aldo Leiva; los ministros de Econom\u00eda, Santiago P\u00e9rez Pons; de Desarrollo Social, Mar\u00eda P\u00eda Chiacchio Cavana y de Ambiente, Marta Soneira; y los intendentes Alicia Leiva de Colonias Unidas y Juan Riquelme de Laguna Limpia.<br \/>\nEn esta ocasi\u00f3n, el gobernador Capitanich manifest\u00f3: \u201cEstamos inaugurando esta obra tan esperada que une Colonias Unidas y Ciervo Petiso\u201d. \u201cSiento mucha alegr\u00eda y satisfacci\u00f3n porque conectar localidades es cambiar la vida de nuestras comunidades\u201d, expres\u00f3.<br \/>\nAsimismo, destac\u00f3 que \u201cel nivel de construcci\u00f3n y de conectividad nos va a permitir hasta el pr\u00f3ximo per\u00edodo conectar todas las localidades de la provincia del Chaco\u201d.<br \/>\n\u201cNos dedicamos con mucho esfuerzo a garantizar los mecanismos de financiamiento para la ejecuci\u00f3n de la obras, muchas se hacen con convenios con Vialidad Nacional, otras con recursos propios o tambi\u00e9n con financiamiento internacional y para eso hay un solo secreto: trabajar y saber gobernar\u201d, enfatiz\u00f3 Capitanich.<br \/>\nPor su parte, el intendente de Ciervo Petiso, Ram\u00f3n Alderete expres\u00f3: \u201cEstoy terminando mi \u00faltima gesti\u00f3n como intendente de esta localidad y me retiro con todos los sue\u00f1os que tuve cumplidos; los sue\u00f1os que parec\u00edan imposibles realizar\u201d.<br \/>\nAdem\u00e1s, Alderete remarc\u00f3: \u201cNo tengo m\u00e1s que palabras de agradecimiento para el gobernador Capitanich y el ingeniero Varela\u201d. \u201cAgradezco tambi\u00e9n a la comunidad que me acompa\u00f1\u00f3 en todo momento\u201d.<br \/>\n\u201cTenemos este asfalto que tanto anhelamos y so\u00f1amos. El domingo llovi\u00f3 y el colectivo pudo entrar, la ambulancia podr\u00e1 salir a la hora que sea; el comerciante estar\u00e1 seguro de que los alimentos podr\u00e1n llegar a la comunidad; podemos salir tranquilos\u201d, destac\u00f3 el intendente y agreg\u00f3: \u201chay personas mayores que saben lo que fue nuestra vida\u201d.<br \/>\nAs\u00ed tambi\u00e9n, el administrador general de Vialidad Provincial, Hugo Varela explic\u00f3 que se trata de \u201cla pavimentaci\u00f3n de casi 14 km entre Colonias Unidas y Ciervo Petiso\u201d. \u201cEsta es la primera etapa y vamos a llegar con pavimento a Laguna Limpia, que son otros 14 km aproximadamente\u201d, agreg\u00f3.<br \/>\n\u201cCumpliendo el sue\u00f1o de antiguos pobladores de toda la comunidad, de todos los parajes cercanos que ven que esto se ha hecho realidad\u201d, destac\u00f3 Varela. \u201cSabemos todos que la llegada de la ruta, la llegada de pavimento, implica una transformaci\u00f3n fenomenal para cada una de sus comunidades\u201d, enfatiz\u00f3.<br \/>\nRefacci\u00f3n de la Iglesia Sagrado Coraz\u00f3n de Jes\u00fas<br \/>\nDurante la ma\u00f1ana tambi\u00e9n se llev\u00f3 a cabo la inauguraci\u00f3n de la refacci\u00f3n y ampliaci\u00f3n de la Iglesia Sagrado Coraz\u00f3n de Jes\u00fas de la localidad de Ciervo Petiso, realizada por convenio municipal.<br \/>\nLa obra posee diferentes espacios para el desarrollo de todas las actividades correspondientes al rubro religioso, como el templo y el altar. A su vez se agregaron espacios de contenci\u00f3n y servicio como aulas, oficinas, cocina y ba\u00f1os.<br \/>\nRefacci\u00f3n del Jard\u00edn de Infantes<br \/>\nTambi\u00e9n se inaugur\u00f3 la refacci\u00f3n integral del Jard\u00edn de Infantes anexo a la EEP N\u00b0 421 \u201cElvira Herrera de Kaenel\u201d. Forma parte de un proyecto que incluye tambi\u00e9n la intervenci\u00f3n de dicha escuela primaria y de la EES N\u00b0138, instituciones que comparten el mismo predio y algunas \u00e1reas del edificio con el Jard\u00edn.<br \/>\nLas refacciones en los espacios de ambas escuelas se encuentran con un 80% de avance.<\/div>\n","protected":false},"excerpt":{"rendered":"<p>\u201cConectar localidades es cambiar la vida de nuestras comunidades\u201d, expres\u00f3 Capitanich. Este mi\u00e9rcoles, el gobernador Jorge Milton Capitanich, junto a la vicegobernadora Anal\u00eda Rach Quiroga y el intendente de Ciervo Petiso, Ram\u00f3n Alderete inauguraron la Ruta Provincial N\u00b030, la refacci\u00f3n de la Iglesia Sagrado Coraz\u00f3n de Jes\u00fas y del Jard\u00edn de Infantes anexo a la [&hellip;]<\/p>\n","protected":false},"author":1,"featured_media":26467,"comment_status":"closed","ping_status":"closed","sticky":false,"template":"","format":"standard","meta":{"footnotes":""},"categories":[6],"tags":[],"class_list":{"0":"post-26466","1":"post","2":"type-post","3":"status-publish","4":"format-standard","5":"has-post-thumbnail","7":"category-chaco"},"_links":{"self":[{"href":"https:\/\/chacosintesis.com.ar\/index.php\/wp-json\/wp\/v2\/posts\/26466","targetHints":{"allow":["GET"]}}],"collection":[{"href":"https:\/\/chacosintesis.com.ar\/index.php\/wp-json\/wp\/v2\/posts"}],"about":[{"href":"https:\/\/chacosintesis.com.ar\/index.php\/wp-json\/wp\/v2\/types\/post"}],"author":[{"embeddable":true,"href":"https:\/\/chacosintesis.com.ar\/index.php\/wp-json\/wp\/v2\/users\/1"}],"replies":[{"embeddable":true,"href":"https:\/\/chacosintesis.com.ar\/index.php\/wp-json\/wp\/v2\/comments?post=26466"}],"version-history":[{"count":0,"href":"https:\/\/chacosintesis.com.ar\/index.php\/wp-json\/wp\/v2\/posts\/26466\/revisions"}],"wp:featuredmedia":[{"embeddable":true,"href":"https:\/\/chacosintesis.com.ar\/index.php\/wp-json\/wp\/v2\/media\/26467"}],"wp:attachment":[{"href":"https:\/\/chacosintesis.com.ar\/index.php\/wp-json\/wp\/v2\/media?parent=26466"}],"wp:term":[{"taxonomy":"category","embeddable":true,"href":"https:\/\/chacosintesis.com.ar\/index.php\/wp-json\/wp\/v2\/categories?post=26466"},{"taxonomy":"post_tag","embeddable":true,"href":"https:\/\/chacosintesis.com.ar\/index.php\/wp-json\/wp\/v2\/tags?post=26466"}],"curies":[{"name":"wp","href":"https:\/\/api.w.org\/{rel}","templated":true}]}}