{"id":26464,"date":"2023-09-06T16:30:17","date_gmt":"2023-09-06T19:30:17","guid":{"rendered":"https:\/\/chacosintesis.com.ar\/?p=26464"},"modified":"2023-09-06T16:36:59","modified_gmt":"2023-09-06T19:36:59","slug":"mas-de-cinco-mil-trabajadoras-y-trabajadores-inscriptos-para-iniciar-el-proceso-de-regularizacion-laboral-en-el-estado","status":"publish","type":"post","link":"https:\/\/chacosintesis.com.ar\/index.php\/mas-de-cinco-mil-trabajadoras-y-trabajadores-inscriptos-para-iniciar-el-proceso-de-regularizacion-laboral-en-el-estado\/","title":{"rendered":"M\u00e1s de cinco mil trabajadoras y trabajadores inscriptos para iniciar el proceso de regularizaci\u00f3n laboral en el Estado"},"content":{"rendered":"<div class=\"postie-post\">Las y los interesados pueden postularse a trav\u00e9s de la plataforma TuGobiernoDigital. &#8220;Se priorizar\u00e1 a las y los trabajadores con m\u00e1s antig\u00fcedad y formaci\u00f3n&#8221;, se\u00f1al\u00f3 P\u00e9rez Pons.<br \/>\nEl ministro de Planificaci\u00f3n, Econom\u00eda e Infraestructura Santiago P\u00e9rez Pons inform\u00f3 que, hasta este martes, se inscribieron 5.260 trabajadoras y trabajadores que aspiran a formar parte de la planta permanente del Estado chaque\u00f1o. De esta manera avanza el proceso de Regularizaci\u00f3n Laboral lanzado por el gobierno provincial. \u201cEl proceso ser\u00e1 ordenado, previsible y transparente, ya que se priorizar\u00e1 la antig\u00fcedad de las y los aspirantes\u201d, indic\u00f3.<br \/>\nHasta este martes se registraron m\u00e1s de 5.000 inscriptos, en las siguientes categor\u00edas: 1.201 profesionales, 2.340 administrativos, 1.092 servicios y 627 obreros-maestranza. Las y los interesados podr\u00e1n inscribirse a trav\u00e9s de la plataforma TuGobiernoDigital hasta el mi\u00e9rcoles 13 de septiembre.<br \/>\nEl proceso de regularizaci\u00f3n se llevar\u00e1 adelante mediante concursos de antecedentes y oposici\u00f3n, cuyo resultado derivar\u00e1 en una lista de orden de m\u00e9rito que se utilizar\u00e1 para cubrir cargos vacantes por el plazo 2023\u20132030. &#8220;Se trata de un proceso de regularizaci\u00f3n para quienes ya se encuentran trabajando en el Estado, priorizando a las y los trabajadores con m\u00e1s antig\u00fcedad y formaci\u00f3n&#8221;, se\u00f1al\u00f3 Perez Pons.<br \/>\nEl Proceso de Regularizaci\u00f3n de Laboral fue acordado en el marco de la Comisi\u00f3n de Interpretaci\u00f3n y Autocomposici\u00f3n Paritaria (CIAP), con el respaldo de todos los sindicatos que representan a las y los trabajadores estatales: Asociaci\u00f3n de Trabajadores del Estado (ATE), Uni\u00f3n del Personal Civil de la Provincia (UPCP), y Uni\u00f3n del Personal Civil de la Naci\u00f3n (UPCN).<br \/>\nLas y los destinatarios<br \/>\nAl concurso puede postularse todo personal que actualmente preste servicios en jurisdicciones y entidades de la administraci\u00f3n p\u00fablica. Esto incluye a jornalizados, contratos de locaci\u00f3n de obra (monotributistas) y becas de perfeccionamiento y\/o capacitaci\u00f3n, incluyendo beneficiarios y beneficiarias de M\u00e1s Inclusi\u00f3n del Ministerio de Desarrollo Social, del Servicio de Mantenimiento de Establecimientos Educativos del Ministerio de Educaci\u00f3n, del Programa Experto de la cartera de Salud P\u00fablica y becados y becadas del Instituto del Deporte.<br \/>\nEn el caso de Renta M\u00ednima Progresiva, se considerar\u00e1 a quienes puedan acreditar contraprestaci\u00f3n efectiva y comprobable en la actualidad y bajo alg\u00fan programa de entrenamiento y capacitaci\u00f3n laboral durante 2019.<br \/>\nEn cambio, no podr\u00e1n concursar trabajadoras y trabajadores que perciban transferencias directas del Gobierno Nacional (por ejemplo, Potenciar Trabajo), becados y becadas del programa Enfoque, pensionadas y pensionados provinciales, quienes presten servicios municipales bajo PAM u otro programa municipal.<br \/>\nContratos de servicio<br \/>\nEn el caso de los contratos de servicio, la efectivizaci\u00f3n alcanzar\u00e1 a m\u00e1s de 1.500 agentes que actualmente trabajan principalmente en el Ministerio de Salud P\u00fablica, Ministerio de Desarrollo Social, Administraci\u00f3n Tributaria Provincial (ATP), Instituto de Desarrollo Urbano y Vivienda (IPDUV), y otros organismos de la Administraci\u00f3n P\u00fablica comprendidos en el Escalaf\u00f3n General. Se realizar\u00e1 en dos etapas: un 60% ingresar\u00e1n este a\u00f1o, en tanto que el 40% restante en 2024.<br \/>\nEl esquema ser\u00e1 ordenado, ya que se utilizar\u00e1n par\u00e1metros como antig\u00fcedad y formaci\u00f3n para ordenar las etapas de ingreso; previsible, porque cada trabajador sabr\u00e1 cuando ingresa a la planta permanente y tendr\u00e1 garantizado su lugar; y ser\u00e1 transparente, porque el puntaje de cada trabajador se har\u00e1 p\u00fablico a trav\u00e9s de la Comisi\u00f3n de Interpretaci\u00f3n y Autocomposici\u00f3n Paritaria (CIAP).<br \/>\nLa inscripci\u00f3n comenzar\u00e1 el pr\u00f3ximo 25 de septiembre y permanecer\u00e1 abierta por tres d\u00edas h\u00e1biles. Ser\u00e1 a trav\u00e9s de TuGobiernoDigital y deber\u00e1n precisar formaci\u00f3n y antig\u00fcedad (bajo cualquier modalidad de contrataci\u00f3n). &#8220;Protegemos el derecho de las y los trabajadores p\u00fablicos porque son un eslab\u00f3n esencial entre el Estado y la resoluci\u00f3n de los problemas de la gente&#8221;, sintetiz\u00f3 P\u00e9rez Pons.<\/div>\n","protected":false},"excerpt":{"rendered":"<p>Las y los interesados pueden postularse a trav\u00e9s de la plataforma TuGobiernoDigital. &#8220;Se priorizar\u00e1 a las y los trabajadores con m\u00e1s antig\u00fcedad y formaci\u00f3n&#8221;, se\u00f1al\u00f3 P\u00e9rez Pons. El ministro de Planificaci\u00f3n, Econom\u00eda e Infraestructura Santiago P\u00e9rez Pons inform\u00f3 que, hasta este martes, se inscribieron 5.260 trabajadoras y trabajadores que aspiran a formar parte de la [&hellip;]<\/p>\n","protected":false},"author":1,"featured_media":26465,"comment_status":"closed","ping_status":"closed","sticky":false,"template":"","format":"standard","meta":{"footnotes":""},"categories":[6],"tags":[],"class_list":{"0":"post-26464","1":"post","2":"type-post","3":"status-publish","4":"format-standard","5":"has-post-thumbnail","7":"category-chaco"},"_links":{"self":[{"href":"https:\/\/chacosintesis.com.ar\/index.php\/wp-json\/wp\/v2\/posts\/26464","targetHints":{"allow":["GET"]}}],"collection":[{"href":"https:\/\/chacosintesis.com.ar\/index.php\/wp-json\/wp\/v2\/posts"}],"about":[{"href":"https:\/\/chacosintesis.com.ar\/index.php\/wp-json\/wp\/v2\/types\/post"}],"author":[{"embeddable":true,"href":"https:\/\/chacosintesis.com.ar\/index.php\/wp-json\/wp\/v2\/users\/1"}],"replies":[{"embeddable":true,"href":"https:\/\/chacosintesis.com.ar\/index.php\/wp-json\/wp\/v2\/comments?post=26464"}],"version-history":[{"count":0,"href":"https:\/\/chacosintesis.com.ar\/index.php\/wp-json\/wp\/v2\/posts\/26464\/revisions"}],"wp:featuredmedia":[{"embeddable":true,"href":"https:\/\/chacosintesis.com.ar\/index.php\/wp-json\/wp\/v2\/media\/26465"}],"wp:attachment":[{"href":"https:\/\/chacosintesis.com.ar\/index.php\/wp-json\/wp\/v2\/media?parent=26464"}],"wp:term":[{"taxonomy":"category","embeddable":true,"href":"https:\/\/chacosintesis.com.ar\/index.php\/wp-json\/wp\/v2\/categories?post=26464"},{"taxonomy":"post_tag","embeddable":true,"href":"https:\/\/chacosintesis.com.ar\/index.php\/wp-json\/wp\/v2\/tags?post=26464"}],"curies":[{"name":"wp","href":"https:\/\/api.w.org\/{rel}","templated":true}]}}