{"id":26452,"date":"2023-09-06T16:01:58","date_gmt":"2023-09-06T19:01:58","guid":{"rendered":"https:\/\/chacosintesis.com.ar\/?p=26452"},"modified":"2023-09-06T16:07:17","modified_gmt":"2023-09-06T19:07:17","slug":"chaco-realizara-el-tercer-foro-latinoamericano-de-educacion-tttnb","status":"publish","type":"post","link":"https:\/\/chacosintesis.com.ar\/index.php\/chaco-realizara-el-tercer-foro-latinoamericano-de-educacion-tttnb\/","title":{"rendered":"Chaco realizar\u00e1 el Tercer Foro Latinoamericano de educaci\u00f3n TTTNB"},"content":{"rendered":"<div class=\"postie-post\">El foro latinoamericano Travestis, Trans, Transexuales, No Binaries, se desarrollar\u00e1 el 22 y 23 de septiembre en Resistencia. El objetivo es construir una agenda com\u00fan de intercambio de experiencias para mejorar la calidad de vida y la participaci\u00f3n pol\u00edtica de la poblaci\u00f3n de este colectivo en Am\u00e9rica Latina.<br \/>\nLa Secretar\u00eda de Derechos Humanos y G\u00e9neros de la Provincia convoca al Tercer Foro Latinoamericano TTTNB (Travestis, Trans, Transexuales, No Binaries) que se desarrollar\u00e1 en Resistencia el 22 y 23 de septiembre. La propuesta busca repensar la ense\u00f1anza desde una perspectiva transformadora, centrada en garantizar derechos y construir espacios seguros para las identidades travestis, trans, transexuales y no binarias.<br \/>\nEste evento es el resultado de la colaboraci\u00f3n entre el Bachillerato Popular Travesti Trans &#8220;Mocha Celis&#8221; y la Direcci\u00f3n de Diversidad, Disidencia Sexual e Identidad de G\u00e9nero de la Secretar\u00eda de Derechos Humanos y G\u00e9neros del gobierno del Chaco, con el apoyo del Ministerio de Educaci\u00f3n de la provincia y m\u00faltiples instituciones que forman parte de este evento, como la Escuela Mariano Ferreyra.<br \/>\nEsta tercera edici\u00f3n del Foro Latinoamericano TTTNB tiene como objetivo ser un espacio de reflexi\u00f3n y di\u00e1logo sobre la educaci\u00f3n, centr\u00e1ndose en las perspectivas y necesidades de las personas travestis, trans, transexuales y no binarias. Durante las dos jornadas, se abordar\u00e1n temas de vital importancia, como las pedagog\u00edas transfeministas, estrategias de existencia travesti-trans dentro del sistema educativo y la construcci\u00f3n de espacios educativos inclusivos.<br \/>\nEl encuentro es gratuito y est\u00e1 destinado a docentes, instituciones de Educaci\u00f3n Travesti-Trans No Binarias, organizaciones de la diversidad, estudiantes y p\u00fablico en general de todo el pa\u00eds. Las y los interesados en participar deben inscribirse en: <a href=\"https:\/\/bit.ly\/Inscripci\">bit.ly\/Inscripci<\/a>\u00f3nForoTTTNB.<br \/>\n\u201cAquellos derechos que parecen naturales y que siempre estuvieron all\u00ed son en realidad el resultado de grandes luchas colectivas, de haber llevado a la discusi\u00f3n pol\u00edtica las ideas que tenemos para la provincia y el pa\u00eds que queremos, y este Foro viene a formar parte de esas discusiones necesarias\u201d, afirm\u00f3 la secretaria de Derechos Humanos y G\u00e9neros del Chaco Silvana P\u00e9rez.<br \/>\nLa directora de Diversidad y Disidencias del Chaco \u00darsula Sabarece indic\u00f3 que para que la inclusi\u00f3n sea posible es fundamental un Estado presente. \u201cPor eso desde el inicio de la gesti\u00f3n trabajamos en la implementaci\u00f3n de pol\u00edticas p\u00fablicas que resguarden y fortalezcan los derechos conquistados, como el derecho a la educaci\u00f3n. Una educaci\u00f3n que garantice una mirada amplia, inclusiva, humanizada, desde el respeto y perspectiva de g\u00e9neros, y que hoy m\u00e1s que nunca es fundamental defender. Es por eso que decidimos llevar adelante este Foro\u201d, sostuvo.<br \/>\nEl presidente de la Asociaci\u00f3n Civil Mocha Celis y director del Bachillerato Popular Travesti Trans Francisco Qui\u00f1ones Cuartas se\u00f1al\u00f3 que este foro en Chaco es el puntapi\u00e9 inicial para continuar en el resto de las provincias y pa\u00edses de Latinoam\u00e9rica. \u201cPara revertir el promedio de vida de 35 a\u00f1os de la poblaci\u00f3n travesti trans y mostrar que garantizar el acceso a los derechos m\u00e1s b\u00e1sicos puede transformar la vida de muchas personas\u201d, detall\u00f3.<br \/>\nLa lectura de conclusiones consolidar\u00e1 las ideas y propuestas surgidas durante el foro, y la jornada culminar\u00e1 con &#8220;LA FEST,&#8221; un vibrante Festival Art\u00edstico Cultural que celebrar\u00e1 la diversidad y el compromiso con una educaci\u00f3n inclusiva en el Centro Cultural Alternativo.<br \/>\nEl viernes 22 en el Aula Magna de la Facultad de Humanidades de la Universidad Nacional del Nordeste (Av. Las Heras 727), tras las acreditaciones previstas para las 8, la jornada comenzar\u00e1 con el acto de apertura que contar\u00e1 con las palabras de la vicegobernadora Anal\u00eda Rach Quiroga, la secretaria de Derechos Humanos y G\u00e9neros Silvana P\u00e9rez, la directora de Diversidad y Disidencias \u00darsula Sabarece, la subsecretaria de G\u00e9neros, Diversidades y Disidencias Delia P\u00e9rez,  el presidente de la Asociaci\u00f3n Civil Mocha Celis y  director Bachillerato Popular Travesti Trans Francisco Qui\u00f1ones Cuartas y la prestigiosa activista trans y subsecretaria de Pol\u00edticas de Diversidad del Ministerio de las Mujeres, G\u00e9nero y Diversidad Alba Rueda, sumadas a legisladoras y legisladores provinciales y nacionales, as\u00ed como representantes de diversas organizaciones feministas, pol\u00edticas, sociales y comunitarias. Contin\u00faa el destacado panel de expertos y expertas, con talleres interactivos que explorar\u00e1n diversos aspectos de la educaci\u00f3n inclusiva y la diversidad de g\u00e9nero, sentando las bases para un di\u00e1logo profundo y enriquecedor sobre el futuro de la ense\u00f1anza.<br \/>\nPor otro lado, el s\u00e1bado en la Escuela Mariano Ferreyra (Av. Belgrano 1235) los participantes del foro pondr\u00e1n en pr\u00e1ctica lo discutido en el d\u00eda anterior. Comenzando con una presentaci\u00f3n del trabajo llevado a cabo por la EGS N\u00b0 15 &#8220;Mariano Ferreyra,&#8221; se dar\u00e1 paso a talleres interactivos que abordar\u00e1n temas cruciales como la alfabetizaci\u00f3n digital, el deporte, el empleo y las cooperativas de trabajo.<br \/>\nPrograma<br \/>\nViernes<br \/>\n8.00: Acreditaci\u00f3n<br \/>\n9.00: Apertura.<br \/>\n10.30: Panel sobre &#8220;Pedagog\u00edas Transfeministas y DDHH&#8221; a cargo de \u00darsula Sabarece, Silvana P\u00e9rez, Lucila Massin, Alba Rueda y Francisco Qui\u00f1ones.<br \/>\n11.00: Trabajo en talleres en las Aulas de la Facultad de Humanidades de la Universidad Nacional del Nordeste, abordando temas como &#8220;Espacios Educativos,&#8221; &#8220;Docentes TTNB,&#8221; &#8220;Estudiantes y Egresadxs TTNB,&#8221; y &#8220;Miradas para una Educaci\u00f3n TTNB y un Abordaje Integral.&#8221;<br \/>\n16.00: Panel Conversatorio sobre ESI-ENIA-SALUD-AFRO.<br \/>\n17.00: Continuaci\u00f3n de los talleres.<br \/>\n18.00: Feria y espect\u00e1culos art\u00edsticos en el Patio de la Facultad de Humanidades de la Universidad Nacional del Nordeste.<br \/>\nS\u00e1bado<br \/>\n8.00: Acreditaci\u00f3n<br \/>\n9.00: Presentaci\u00f3n del trabajo realizado por la EGS N\u00b0 15 &#8220;Mariano Ferreyra.&#8221;<br \/>\n11.00: Trabajo en talleres en las Aulas de la EGS N\u00b0 15 &#8220;Mariano Ferreyra,&#8221; abordando temas como &#8220;Alfabetizaci\u00f3n Digital,&#8221; &#8220;Deporte,&#8221; y &#8220;Empleo y Cooperativas de Trabajo.&#8221;<br \/>\n12.00: Lectura de conclusiones.<br \/>\n17.00: &#8220;LA FEST&#8221; Festival Art\u00edstico Cultural en el Centro Cultural Alternativo (Santa Mar\u00eda de Oro 471).<\/div>\n","protected":false},"excerpt":{"rendered":"<p>El foro latinoamericano Travestis, Trans, Transexuales, No Binaries, se desarrollar\u00e1 el 22 y 23 de septiembre en Resistencia. El objetivo es construir una agenda com\u00fan de intercambio de experiencias para mejorar la calidad de vida y la participaci\u00f3n pol\u00edtica de la poblaci\u00f3n de este colectivo en Am\u00e9rica Latina. La Secretar\u00eda de Derechos Humanos y G\u00e9neros [&hellip;]<\/p>\n","protected":false},"author":1,"featured_media":26453,"comment_status":"closed","ping_status":"closed","sticky":false,"template":"","format":"standard","meta":{"footnotes":""},"categories":[6],"tags":[],"class_list":{"0":"post-26452","1":"post","2":"type-post","3":"status-publish","4":"format-standard","5":"has-post-thumbnail","7":"category-chaco"},"_links":{"self":[{"href":"https:\/\/chacosintesis.com.ar\/index.php\/wp-json\/wp\/v2\/posts\/26452","targetHints":{"allow":["GET"]}}],"collection":[{"href":"https:\/\/chacosintesis.com.ar\/index.php\/wp-json\/wp\/v2\/posts"}],"about":[{"href":"https:\/\/chacosintesis.com.ar\/index.php\/wp-json\/wp\/v2\/types\/post"}],"author":[{"embeddable":true,"href":"https:\/\/chacosintesis.com.ar\/index.php\/wp-json\/wp\/v2\/users\/1"}],"replies":[{"embeddable":true,"href":"https:\/\/chacosintesis.com.ar\/index.php\/wp-json\/wp\/v2\/comments?post=26452"}],"version-history":[{"count":0,"href":"https:\/\/chacosintesis.com.ar\/index.php\/wp-json\/wp\/v2\/posts\/26452\/revisions"}],"wp:featuredmedia":[{"embeddable":true,"href":"https:\/\/chacosintesis.com.ar\/index.php\/wp-json\/wp\/v2\/media\/26453"}],"wp:attachment":[{"href":"https:\/\/chacosintesis.com.ar\/index.php\/wp-json\/wp\/v2\/media?parent=26452"}],"wp:term":[{"taxonomy":"category","embeddable":true,"href":"https:\/\/chacosintesis.com.ar\/index.php\/wp-json\/wp\/v2\/categories?post=26452"},{"taxonomy":"post_tag","embeddable":true,"href":"https:\/\/chacosintesis.com.ar\/index.php\/wp-json\/wp\/v2\/tags?post=26452"}],"curies":[{"name":"wp","href":"https:\/\/api.w.org\/{rel}","templated":true}]}}