{"id":26450,"date":"2023-09-06T15:59:56","date_gmt":"2023-09-06T18:59:56","guid":{"rendered":"https:\/\/chacosintesis.com.ar\/?p=26450"},"modified":"2023-09-06T16:07:13","modified_gmt":"2023-09-06T19:07:13","slug":"un-especialista-espanol-disertara-sobre-muerte-asistida-en-la-facultad-de-derecho","status":"publish","type":"post","link":"https:\/\/chacosintesis.com.ar\/index.php\/un-especialista-espanol-disertara-sobre-muerte-asistida-en-la-facultad-de-derecho\/","title":{"rendered":"Un especialista espa\u00f1ol disertar\u00e1 sobre \u201cmuerte asistida\u201d en la Facultad de Derecho"},"content":{"rendered":"<div class=\"postie-post\">La Facultad de Derecho y Ciencias Sociales y Pol\u00edticas de la UNNE sede de la conferencia \u201cLa regulaci\u00f3n de la prestaci\u00f3n de ayuda para morir en el Derecho Comparado\u201d. La jornada tendr\u00e1 lugar este jueves 7 a las 18 en el Sal\u00f3n Azul del Edificio Hist\u00f3rico de la Facultad de Derecho (Salta 459, Corrientes).<br \/>\nLa Facultad de Derecho y Ciencias Sociales y Pol\u00edticas de la Universidad Nacional del Nordeste (UNNE) ser\u00e1 sede de la conferencia \u201cLa regulaci\u00f3n de la prestaci\u00f3n de ayuda para morir en el Derecho Comparado\u201d. La jornada que se centrar\u00e1 especialmente en la situaci\u00f3n de Espa\u00f1a y Argentina, la cual tendr\u00e1 lugar este jueves 7 de septiembre a las 18 en el Sal\u00f3n Azul del Edificio Hist\u00f3rico de la Facultad de Derecho (Salta 459, Corrientes).<br \/>\nEn medio del debate legislativo que se da en el Congreso de la Naci\u00f3n, en torno a la tem\u00e1tica de la \u201cmuerte digna\u201d, se realizar\u00e1 esta actividad gratuita, destinada a la comunidad acad\u00e9mica y p\u00fablico en general. La disertaci\u00f3n estar\u00e1 a cargo del doctor Sergio Romeo Malanda, profesor titular de Derecho Penal de la Universidad de las Palmas de Gran Canaria (Espa\u00f1a), en el marco de la c\u00e1tedra libre de Derecho de la Salud.<br \/>\nDebate Nacional<br \/>\nA nivel pa\u00eds, hace a\u00f1os se da el debate sobre la aplicaci\u00f3n del derecho a morir dignamente, es decir, la posibilidad de que un paciente que padece una enfermedad incurable e irreversible pueda solicitarle a un m\u00e9dico la interrupci\u00f3n de su vida. Hasta agosto del a\u00f1o pasado, el Congreso contaba con seis iniciativas que buscan dar un marco normativo a la eutanasia, de las cuales cuatro de ellas se encontraban en la C\u00e1mara de Diputados y dos en el Senado.<br \/>\nTres de ellas son conocidas con los nombres de \u201cInterrupci\u00f3n voluntaria de la vida\u201d, \u201cLey Alfonso\u201d y \u201cLey de la buena muerte\u201d. Hubo una solicitud de diputadas de diferentes partidos para comenzar a tratar en la Comisi\u00f3n de Salud de la C\u00e1mara baja los proyectos impulsados por la Uni\u00f3n C\u00edvica Radical (Buena muerte) y el Frente de Todos (Ley Alfonso). Prev\u00e9n la alternativa de aplicar la \u201cmuerte asistida\u201d que, a diferencia del procedimiento en el que el m\u00e9dico suministra la droga eutan\u00e1sica al paciente, se limita a prove\u00e9rsela para que este \u00faltimo se la administre por su propia cuenta.<br \/>\nEn ese contexto, este jueves disertar\u00e1 el doctor Romeo Malanda quien realizar\u00e1 un an\u00e1lisis en torno a la tem\u00e1tica.  A lo largo de su trabajo, se destaca la siguiente l\u00ednea de investigaci\u00f3n:<br \/>\n&#8211; Bioderecho: criminalidad gen\u00e9tica, la prueba de ADN en el proceso penal, responsabilidad penal m\u00e9dica, delito de aborto, minor\u00eda de edad en biomedicina, utilizaci\u00f3n de materiales biol\u00f3gicos de origen humano (trasplantes de \u00f3rganos y tejidos, investigaci\u00f3n con materiales biol\u00f3gicos, biobancos, etc.).<\/p>\n<p>Fuente: UNNE Medios.<\/p><\/div>\n","protected":false},"excerpt":{"rendered":"<p>La Facultad de Derecho y Ciencias Sociales y Pol\u00edticas de la UNNE sede de la conferencia \u201cLa regulaci\u00f3n de la prestaci\u00f3n de ayuda para morir en el Derecho Comparado\u201d. La jornada tendr\u00e1 lugar este jueves 7 a las 18 en el Sal\u00f3n Azul del Edificio Hist\u00f3rico de la Facultad de Derecho (Salta 459, Corrientes). La [&hellip;]<\/p>\n","protected":false},"author":1,"featured_media":26451,"comment_status":"closed","ping_status":"closed","sticky":false,"template":"","format":"standard","meta":{"footnotes":""},"categories":[6],"tags":[],"class_list":{"0":"post-26450","1":"post","2":"type-post","3":"status-publish","4":"format-standard","5":"has-post-thumbnail","7":"category-chaco"},"_links":{"self":[{"href":"https:\/\/chacosintesis.com.ar\/index.php\/wp-json\/wp\/v2\/posts\/26450","targetHints":{"allow":["GET"]}}],"collection":[{"href":"https:\/\/chacosintesis.com.ar\/index.php\/wp-json\/wp\/v2\/posts"}],"about":[{"href":"https:\/\/chacosintesis.com.ar\/index.php\/wp-json\/wp\/v2\/types\/post"}],"author":[{"embeddable":true,"href":"https:\/\/chacosintesis.com.ar\/index.php\/wp-json\/wp\/v2\/users\/1"}],"replies":[{"embeddable":true,"href":"https:\/\/chacosintesis.com.ar\/index.php\/wp-json\/wp\/v2\/comments?post=26450"}],"version-history":[{"count":0,"href":"https:\/\/chacosintesis.com.ar\/index.php\/wp-json\/wp\/v2\/posts\/26450\/revisions"}],"wp:featuredmedia":[{"embeddable":true,"href":"https:\/\/chacosintesis.com.ar\/index.php\/wp-json\/wp\/v2\/media\/26451"}],"wp:attachment":[{"href":"https:\/\/chacosintesis.com.ar\/index.php\/wp-json\/wp\/v2\/media?parent=26450"}],"wp:term":[{"taxonomy":"category","embeddable":true,"href":"https:\/\/chacosintesis.com.ar\/index.php\/wp-json\/wp\/v2\/categories?post=26450"},{"taxonomy":"post_tag","embeddable":true,"href":"https:\/\/chacosintesis.com.ar\/index.php\/wp-json\/wp\/v2\/tags?post=26450"}],"curies":[{"name":"wp","href":"https:\/\/api.w.org\/{rel}","templated":true}]}}