{"id":26448,"date":"2023-09-06T15:57:12","date_gmt":"2023-09-06T18:57:12","guid":{"rendered":"https:\/\/chacosintesis.com.ar\/?p=26448"},"modified":"2023-09-06T16:07:08","modified_gmt":"2023-09-06T19:07:08","slug":"cerro-el-6o-foro-de-narracion-y-teatro-con-la-participacion-de-700-docentes-y-estudiantes","status":"publish","type":"post","link":"https:\/\/chacosintesis.com.ar\/index.php\/cerro-el-6o-foro-de-narracion-y-teatro-con-la-participacion-de-700-docentes-y-estudiantes\/","title":{"rendered":"Cerr\u00f3 el 6\u00ba Foro de Narraci\u00f3n y Teatro con la participaci\u00f3n de 700 docentes y estudiantes"},"content":{"rendered":"<div class=\"postie-post\">Este mi\u00e9rcoles concluy\u00f3 el 6\u00b0 Foro Iberoamericano de Narraci\u00f3n y Teatro, que se realiz\u00f3 en el Aula Magna de la Universidad Nacional del Nordeste (UNNE) y en las aulas y auditorios de la Facultades de Humanidades e Ingenier\u00eda.<br \/>\nDesde el lunes el evento reuni\u00f3 a m\u00e1s de 700 docentes, estudiantes y aficionados de la narraci\u00f3n en conferencias, talleres, charlas y espect\u00e1culos de narraci\u00f3n. Por su relevancia pedag\u00f3gica el evento fue declarado de Inter\u00e9s Legislativo &#8211; Educativo y cuenta con el relevo de funciones para los docentes que participan. Este a\u00f1o el foro tuvo como invitados a profesionales de la narraci\u00f3n de Argentina, Paraguay, Chile, Venezuela y Cuba.<br \/>\nLa subsecretaria de Educaci\u00f3n, Ludmila Pellegrini destac\u00f3 la participaci\u00f3n de docentes, hacedores culturales y artistas y la importancia de estos espacios para fortalecer la democracia, a trav\u00e9s del arte y la cultura y resignificar nuestra sociedad. \u201cRecuperar esa narrativa que nos cost\u00f3 tanto construir, son pilares fundamentales para una sociedad democr\u00e1tica, hoy no solo est\u00e1 en peligro la educaci\u00f3n y la cultura, sino la narrativa que hemos sabido construir\u201d, sostuvo.<br \/>\nEl presidente de La F\u00e1brica Cultural, asociaci\u00f3n conformada por gestores culturales, docentes y artistas, An\u00edbal Friedrich remarc\u00f3 el acompa\u00f1amiento y el apoyo de organismos p\u00fablicos como el Ministerio de Educaci\u00f3n, y la Subsecretar\u00eda de Educaci\u00f3n del Chaco; la Secretar\u00eda general de Extensi\u00f3n Universitaria de la UNNE y la Facultad de Humanidades de la UNNE. Tambi\u00e9n los Ministerios de Turismo y Deportes y de Cultura de la Naci\u00f3n, a trav\u00e9s del programa Festivales Argentinos y los Institutos Nacional de Teatro y el de Cultura del Chaco\u201d.<\/div>\n","protected":false},"excerpt":{"rendered":"<p>Este mi\u00e9rcoles concluy\u00f3 el 6\u00b0 Foro Iberoamericano de Narraci\u00f3n y Teatro, que se realiz\u00f3 en el Aula Magna de la Universidad Nacional del Nordeste (UNNE) y en las aulas y auditorios de la Facultades de Humanidades e Ingenier\u00eda. Desde el lunes el evento reuni\u00f3 a m\u00e1s de 700 docentes, estudiantes y aficionados de la narraci\u00f3n [&hellip;]<\/p>\n","protected":false},"author":1,"featured_media":26449,"comment_status":"closed","ping_status":"closed","sticky":false,"template":"","format":"standard","meta":{"footnotes":""},"categories":[6],"tags":[],"class_list":{"0":"post-26448","1":"post","2":"type-post","3":"status-publish","4":"format-standard","5":"has-post-thumbnail","7":"category-chaco"},"_links":{"self":[{"href":"https:\/\/chacosintesis.com.ar\/index.php\/wp-json\/wp\/v2\/posts\/26448","targetHints":{"allow":["GET"]}}],"collection":[{"href":"https:\/\/chacosintesis.com.ar\/index.php\/wp-json\/wp\/v2\/posts"}],"about":[{"href":"https:\/\/chacosintesis.com.ar\/index.php\/wp-json\/wp\/v2\/types\/post"}],"author":[{"embeddable":true,"href":"https:\/\/chacosintesis.com.ar\/index.php\/wp-json\/wp\/v2\/users\/1"}],"replies":[{"embeddable":true,"href":"https:\/\/chacosintesis.com.ar\/index.php\/wp-json\/wp\/v2\/comments?post=26448"}],"version-history":[{"count":0,"href":"https:\/\/chacosintesis.com.ar\/index.php\/wp-json\/wp\/v2\/posts\/26448\/revisions"}],"wp:featuredmedia":[{"embeddable":true,"href":"https:\/\/chacosintesis.com.ar\/index.php\/wp-json\/wp\/v2\/media\/26449"}],"wp:attachment":[{"href":"https:\/\/chacosintesis.com.ar\/index.php\/wp-json\/wp\/v2\/media?parent=26448"}],"wp:term":[{"taxonomy":"category","embeddable":true,"href":"https:\/\/chacosintesis.com.ar\/index.php\/wp-json\/wp\/v2\/categories?post=26448"},{"taxonomy":"post_tag","embeddable":true,"href":"https:\/\/chacosintesis.com.ar\/index.php\/wp-json\/wp\/v2\/tags?post=26448"}],"curies":[{"name":"wp","href":"https:\/\/api.w.org\/{rel}","templated":true}]}}