{"id":26442,"date":"2023-09-06T15:46:51","date_gmt":"2023-09-06T18:46:51","guid":{"rendered":"https:\/\/chacosintesis.com.ar\/?p=26442"},"modified":"2023-09-06T16:06:53","modified_gmt":"2023-09-06T19:06:53","slug":"se-inauguraron-las-instalaciones-del-taller-textil-carlotex-2","status":"publish","type":"post","link":"https:\/\/chacosintesis.com.ar\/index.php\/se-inauguraron-las-instalaciones-del-taller-textil-carlotex-2\/","title":{"rendered":"Se inauguraron las instalaciones del Taller Textil Carlotex"},"content":{"rendered":"<div class=\"postie-post\">A partir de la incorporaci\u00f3n de m\u00e1quinas industriales, el taller alcanzar\u00e1 el doble de su producci\u00f3n diaria. Compartir Twittear Correo electr\u00f3nico Compartir<br \/>\nEl gobernador Jorge Capitanich particip\u00f3 este mi\u00e9rcoles de la inauguraci\u00f3n del taller Textil Carlotex en la ciudad de Resistencia. Junto al Ministro de Producci\u00f3n, Industria y Empleo de la provincia de Chaco, se puso en funcionamiento este edificio que permitir\u00e1 la generaci\u00f3n de m\u00e1s de 50 empleos. El gobernador destac\u00f3 que esta puesta en funcionamiento \u201csignifica producci\u00f3n de marroquiner\u00eda con cuero chaque\u00f1o y cadena de valor con proveedores chaque\u00f1os\u201d. Adem\u00e1s, mencion\u00f3 que \u201ccon el desarrollo textil, est\u00e1 el proceso de incorporaci\u00f3n de 50 trabajadores que podr\u00e1n ser 100 a 150 de car\u00e1cter progresivo\u201d. Capitanich asegur\u00f3 que \u201cson obras integrales con entrenamiento laboral que forman parte de la generaci\u00f3n de empleo privado formal\u201d. En este sentido, el primer mandatario provincial manifest\u00f3 su \u201corgullo\u201d, \u201cpor lo que somos capaces de hacer y con el desaf\u00edo de seguir haciendo\u201d. Carlotex es una empresa de capitales nacionales dedicada a la fabricaci\u00f3n de art\u00edculos de marroquiner\u00eda de comercializaci\u00f3n masiva, que en esta segunda etapa incorporar\u00e1 productos textiles. A partir de la incorporaci\u00f3n de m\u00e1quinas industriales, el taller alcanzar\u00e1 el doble de su producci\u00f3n diaria. Esta inauguraci\u00f3n permitir\u00e1 generar 50 puestos de trabajo en dos turnos, ya que actualmente cuenta con 16 trabajadores y trabajadoras.<br \/>\n&#8220;En Chaco, contamos con 9 emprendimientos industriales en diversas cadenas, generando casi 1000 empleos directos e indirectos, con un horizonte de 5000 empleos en el futuro&#8221;, expres\u00f3 el gobernador.<\/div>\n","protected":false},"excerpt":{"rendered":"<p>A partir de la incorporaci\u00f3n de m\u00e1quinas industriales, el taller alcanzar\u00e1 el doble de su producci\u00f3n diaria. Compartir Twittear Correo electr\u00f3nico Compartir El gobernador Jorge Capitanich particip\u00f3 este mi\u00e9rcoles de la inauguraci\u00f3n del taller Textil Carlotex en la ciudad de Resistencia. Junto al Ministro de Producci\u00f3n, Industria y Empleo de la provincia de Chaco, se [&hellip;]<\/p>\n","protected":false},"author":1,"featured_media":26443,"comment_status":"closed","ping_status":"closed","sticky":false,"template":"","format":"standard","meta":{"footnotes":""},"categories":[6],"tags":[],"class_list":{"0":"post-26442","1":"post","2":"type-post","3":"status-publish","4":"format-standard","5":"has-post-thumbnail","7":"category-chaco"},"_links":{"self":[{"href":"https:\/\/chacosintesis.com.ar\/index.php\/wp-json\/wp\/v2\/posts\/26442","targetHints":{"allow":["GET"]}}],"collection":[{"href":"https:\/\/chacosintesis.com.ar\/index.php\/wp-json\/wp\/v2\/posts"}],"about":[{"href":"https:\/\/chacosintesis.com.ar\/index.php\/wp-json\/wp\/v2\/types\/post"}],"author":[{"embeddable":true,"href":"https:\/\/chacosintesis.com.ar\/index.php\/wp-json\/wp\/v2\/users\/1"}],"replies":[{"embeddable":true,"href":"https:\/\/chacosintesis.com.ar\/index.php\/wp-json\/wp\/v2\/comments?post=26442"}],"version-history":[{"count":0,"href":"https:\/\/chacosintesis.com.ar\/index.php\/wp-json\/wp\/v2\/posts\/26442\/revisions"}],"wp:featuredmedia":[{"embeddable":true,"href":"https:\/\/chacosintesis.com.ar\/index.php\/wp-json\/wp\/v2\/media\/26443"}],"wp:attachment":[{"href":"https:\/\/chacosintesis.com.ar\/index.php\/wp-json\/wp\/v2\/media?parent=26442"}],"wp:term":[{"taxonomy":"category","embeddable":true,"href":"https:\/\/chacosintesis.com.ar\/index.php\/wp-json\/wp\/v2\/categories?post=26442"},{"taxonomy":"post_tag","embeddable":true,"href":"https:\/\/chacosintesis.com.ar\/index.php\/wp-json\/wp\/v2\/tags?post=26442"}],"curies":[{"name":"wp","href":"https:\/\/api.w.org\/{rel}","templated":true}]}}