{"id":26440,"date":"2023-09-06T15:43:30","date_gmt":"2023-09-06T18:43:30","guid":{"rendered":"https:\/\/chacosintesis.com.ar\/?p=26440"},"modified":"2023-09-06T16:06:45","modified_gmt":"2023-09-06T19:06:45","slug":"taller-sobre-musica-y-literatura-de-la-mano-de-german-parmetler-en-la-filc-2023","status":"publish","type":"post","link":"https:\/\/chacosintesis.com.ar\/index.php\/taller-sobre-musica-y-literatura-de-la-mano-de-german-parmetler-en-la-filc-2023\/","title":{"rendered":"Taller sobre m\u00fasica y literatura de la mano de Germ\u00e1n Parmetler en la FILC 2023"},"content":{"rendered":"<div class=\"postie-post\">Este jueves 7 y viernes 8, a las 17, en el Espacio Turquesa de la Feria Iberoamericana del Libro del Chaco (FILC) el escritor y m\u00fasico Germ\u00e1n Parmetler realizar\u00e1 el taller \u201cEl mundo cabe en una canci\u00f3n: aproximaci\u00f3n literaria a las canciones que nos gustan\u201d.<br \/>\nAl igual que todas las actividades de la feria, la entrada es libre y gratuita. El taller ser\u00e1 de dos jornadas, que se realizar\u00e1n en el mismo lugar y horario. La feria se llevar\u00e1 adelante hasta el domingo 10 en el Domo del Centenario de Resistencia, bajo el lema \u201cLeer en democracia\u201d.<br \/>\nEste evento est\u00e1 organizado por la Fundaci\u00f3n del Libro y la Cultura y el Gobierno de la Provincia del Chaco a trav\u00e9s del Instituto de Cultura (ICCH), junto a los ministerios de Educaci\u00f3n y de Planificaci\u00f3n, Econom\u00eda e Infraestructura, esta prestigiosa Feria celebra m\u00e1s de quince a\u00f1os de trayectoria.<br \/>\nDurante la feria todos los libros podr\u00e1n adquirirse a la mitad de su precio. La grilla completa de actividades de la feria puede consultarse en <a href=\"https:\/\/www.filchaco.com.ar\">www.filchaco.com.ar<\/a>.<br \/>\nLibros a mitad de precio<br \/>\nChaco es la \u00fanica provincia del pa\u00eds que aplica la propuesta del libro a mitad de precio. Los libros con descuentos del 50% es una acci\u00f3n generada por el Gobierno del Chaco y un claro apoyo al fortalecimiento de las industrias culturales locales.<br \/>\nDe esta edici\u00f3n 2023 participan Librer\u00eda y Editorial De La Paz, Librer\u00eda y Papeler\u00eda Casa Garc\u00eda, Ediciones Paulinas, Librer\u00eda Las Ca\u00f1itas, Librer\u00eda El \u00c1rbol Amarillo, Editorial Eudene \u2013 Universidad Nacional del Nordeste, Editorial Literatura Tropical, Editorial Uncaus, Editorial y Librer\u00eda Contexto, y Milka Libros.<\/div>\n","protected":false},"excerpt":{"rendered":"<p>Este jueves 7 y viernes 8, a las 17, en el Espacio Turquesa de la Feria Iberoamericana del Libro del Chaco (FILC) el escritor y m\u00fasico Germ\u00e1n Parmetler realizar\u00e1 el taller \u201cEl mundo cabe en una canci\u00f3n: aproximaci\u00f3n literaria a las canciones que nos gustan\u201d. Al igual que todas las actividades de la feria, la [&hellip;]<\/p>\n","protected":false},"author":1,"featured_media":26441,"comment_status":"closed","ping_status":"closed","sticky":false,"template":"","format":"standard","meta":{"footnotes":""},"categories":[6],"tags":[],"class_list":{"0":"post-26440","1":"post","2":"type-post","3":"status-publish","4":"format-standard","5":"has-post-thumbnail","7":"category-chaco"},"_links":{"self":[{"href":"https:\/\/chacosintesis.com.ar\/index.php\/wp-json\/wp\/v2\/posts\/26440","targetHints":{"allow":["GET"]}}],"collection":[{"href":"https:\/\/chacosintesis.com.ar\/index.php\/wp-json\/wp\/v2\/posts"}],"about":[{"href":"https:\/\/chacosintesis.com.ar\/index.php\/wp-json\/wp\/v2\/types\/post"}],"author":[{"embeddable":true,"href":"https:\/\/chacosintesis.com.ar\/index.php\/wp-json\/wp\/v2\/users\/1"}],"replies":[{"embeddable":true,"href":"https:\/\/chacosintesis.com.ar\/index.php\/wp-json\/wp\/v2\/comments?post=26440"}],"version-history":[{"count":0,"href":"https:\/\/chacosintesis.com.ar\/index.php\/wp-json\/wp\/v2\/posts\/26440\/revisions"}],"wp:featuredmedia":[{"embeddable":true,"href":"https:\/\/chacosintesis.com.ar\/index.php\/wp-json\/wp\/v2\/media\/26441"}],"wp:attachment":[{"href":"https:\/\/chacosintesis.com.ar\/index.php\/wp-json\/wp\/v2\/media?parent=26440"}],"wp:term":[{"taxonomy":"category","embeddable":true,"href":"https:\/\/chacosintesis.com.ar\/index.php\/wp-json\/wp\/v2\/categories?post=26440"},{"taxonomy":"post_tag","embeddable":true,"href":"https:\/\/chacosintesis.com.ar\/index.php\/wp-json\/wp\/v2\/tags?post=26440"}],"curies":[{"name":"wp","href":"https:\/\/api.w.org\/{rel}","templated":true}]}}