{"id":26438,"date":"2023-09-06T15:40:22","date_gmt":"2023-09-06T18:40:22","guid":{"rendered":"https:\/\/chacosintesis.com.ar\/?p=26438"},"modified":"2023-09-06T16:06:40","modified_gmt":"2023-09-06T19:06:40","slug":"la-fundacion-huoqo-abre-la-convocatoria-al-iii-encuentro-de-jovenes-artistas","status":"publish","type":"post","link":"https:\/\/chacosintesis.com.ar\/index.php\/la-fundacion-huoqo-abre-la-convocatoria-al-iii-encuentro-de-jovenes-artistas\/","title":{"rendered":"La Fundaci\u00f3n Huoqo abre la convocatoria al III Encuentro de J\u00f3venes Artistas"},"content":{"rendered":"<div class=\"postie-post\">Se pueden inscribir de manera online en este formulario. Est\u00e1 destinado a las infancias y los j\u00f3venes artistas del Chaco.<br \/>\nEl evento organizado por la Fundaci\u00f3n Huoqo, junto con el Instituto de Cultura del Chaco, va a estar llev\u00e1ndose adelante el s\u00e1bado 30, de 10 a 20. La convocatoria est\u00e1 destinada a ni\u00f1os y j\u00f3venes artistas de la provincia del Chaco. Los interesados podr\u00e1n inscribirse en el siguiente formulario que estar\u00e1 disponible hasta el 15 de septiembre.<br \/>\n\u201cLas y los invitamos a participar de talleres formativos y colaborativos  con referentes educadores y artistas; producci\u00f3n de obras colaborativas e individuales y ensambles musicales. Los trabajos ser\u00e1n expuestos al cierre de la jornada al igual que se realizar\u00e1n presentaciones musicales colaborativas\u201d, expresaron desde la organizaci\u00f3n del evento.<br \/>\nLa organizaci\u00f3n<br \/>\nLa Fundaci\u00f3n Huoqo\u2019 es una fundaci\u00f3n de Arte P\u00fablico ubicada en Puerto Tirol. Entre una de sus actividades o eventos m\u00e1s destacados, se encuentra la organizaci\u00f3n de la Bienal Latinoamericana de Arte P\u00fablico y Muralismo, que ha llevado a convertir a la localidad como \u201cTirol mural del Chaco\u201d.<br \/>\nEl trabajo permanente anual de la Fundaci\u00f3n es la administraci\u00f3n y gesti\u00f3n de la Escuela de Arte P\u00fablico, un proyecto que comenz\u00f3 en el 2007 con talleres gratuitos de artes visuales en el Centro de Experiencias Creativas. En 2017 se crea la Escuela de M\u00fasica Popular.<br \/>\nAdem\u00e1s se realizan permanentemente talleres y proyectos temporales articulando en redes con otras oeneg\u00e9s e instituciones.<br \/>\nActualmente asisten 350 alumnos de todas las edades a diferentes propuestas art\u00edsticas que se brindan de manera libre y gratuita.<\/div>\n","protected":false},"excerpt":{"rendered":"<p>Se pueden inscribir de manera online en este formulario. Est\u00e1 destinado a las infancias y los j\u00f3venes artistas del Chaco. El evento organizado por la Fundaci\u00f3n Huoqo, junto con el Instituto de Cultura del Chaco, va a estar llev\u00e1ndose adelante el s\u00e1bado 30, de 10 a 20. La convocatoria est\u00e1 destinada a ni\u00f1os y j\u00f3venes [&hellip;]<\/p>\n","protected":false},"author":1,"featured_media":26439,"comment_status":"closed","ping_status":"closed","sticky":false,"template":"","format":"standard","meta":{"footnotes":""},"categories":[6],"tags":[],"class_list":{"0":"post-26438","1":"post","2":"type-post","3":"status-publish","4":"format-standard","5":"has-post-thumbnail","7":"category-chaco"},"_links":{"self":[{"href":"https:\/\/chacosintesis.com.ar\/index.php\/wp-json\/wp\/v2\/posts\/26438","targetHints":{"allow":["GET"]}}],"collection":[{"href":"https:\/\/chacosintesis.com.ar\/index.php\/wp-json\/wp\/v2\/posts"}],"about":[{"href":"https:\/\/chacosintesis.com.ar\/index.php\/wp-json\/wp\/v2\/types\/post"}],"author":[{"embeddable":true,"href":"https:\/\/chacosintesis.com.ar\/index.php\/wp-json\/wp\/v2\/users\/1"}],"replies":[{"embeddable":true,"href":"https:\/\/chacosintesis.com.ar\/index.php\/wp-json\/wp\/v2\/comments?post=26438"}],"version-history":[{"count":0,"href":"https:\/\/chacosintesis.com.ar\/index.php\/wp-json\/wp\/v2\/posts\/26438\/revisions"}],"wp:featuredmedia":[{"embeddable":true,"href":"https:\/\/chacosintesis.com.ar\/index.php\/wp-json\/wp\/v2\/media\/26439"}],"wp:attachment":[{"href":"https:\/\/chacosintesis.com.ar\/index.php\/wp-json\/wp\/v2\/media?parent=26438"}],"wp:term":[{"taxonomy":"category","embeddable":true,"href":"https:\/\/chacosintesis.com.ar\/index.php\/wp-json\/wp\/v2\/categories?post=26438"},{"taxonomy":"post_tag","embeddable":true,"href":"https:\/\/chacosintesis.com.ar\/index.php\/wp-json\/wp\/v2\/tags?post=26438"}],"curies":[{"name":"wp","href":"https:\/\/api.w.org\/{rel}","templated":true}]}}