{"id":26436,"date":"2023-09-06T15:36:45","date_gmt":"2023-09-06T18:36:45","guid":{"rendered":"https:\/\/chacosintesis.com.ar\/?p=26436"},"modified":"2023-09-06T15:38:49","modified_gmt":"2023-09-06T18:38:49","slug":"el-mensaje-final-de-cada-candidato-al-electorado-chaqueno","status":"publish","type":"post","link":"https:\/\/chacosintesis.com.ar\/index.php\/el-mensaje-final-de-cada-candidato-al-electorado-chaqueno\/","title":{"rendered":"El mensaje final de cada candidato al electorado chaque\u00f1o"},"content":{"rendered":"<div class=\"postie-post\">Desde un hotel c\u00e9ntrico de Resistencia, Capitanich, Zdero y Mart\u00ednez le hablaron a la ciudadan\u00eda previo a la elecci\u00f3n del 17 de septiembre. A qu\u00e9 apel\u00f3 y qu\u00e9 dijo cada uno.<br \/>\nEn el bloque de cierre, luego de los cuatro previstos con temas y respuestas a la ciudadan\u00eda, los candidatos a gobernador del Chaco dieron un mensaje final a la ciudadan\u00eda que deber\u00e1 votar el pr\u00f3ximo 17 de septiembre. El primero en hablar fue Gustavo Mart\u00ednez (Frente CER), luego sigui\u00f3 Leandro Zdero (Juntos por el Cambio) y Jorge Capitanich (Frente Chaque\u00f1o).<br \/>\n\u201cEl 17 de septiembre tenemos una oportunidad clara para seguir transformando la provincia, con toda la fuerza y la energ\u00eda que el Chaco necesita\u201d, resalt\u00f3 Capitanich, quien antes, y refiri\u00e9ndose a sus competidores electorales los defini\u00f3 como \u201cun candidato que se dice experto en planificaci\u00f3n, sin plan; y otro candidato experto en gesti\u00f3n, sin gesti\u00f3n\u201d.<br \/>\n\u201cGobernar no es para cualquiera, menos en contextos dif\u00edciles, con incertidumbre. Hay que tener equipo, disciplina, m\u00e9todo, formaci\u00f3n acad\u00e9mica y la fortaleza necesaria para superar adversidades. Hay que saber hacer y c\u00f3mo hacerlo. Los que dicen y hablan es porque nunca han gestionado, y los que no han sido afectos al trabajo; justamente los que pregonan la cultura del trabajo no se han caracterizado por ser grandes trabajadores\u201d, sostuvo el actual mandatario chaque\u00f1o.<br \/>\nLuego, agreg\u00f3: \u201cEl cambio no es un slogan publicitario. Se cambia cuando se construye una ruta que conecta pueblos; una vivienda para garantizar dignidad a una familia; una cuadra de pavimento urbana que transforma la calidad de vida de vecinos y vecinas; cuando tenemos una oficina de registro civil para garantizar el derecho a la identidad de las personas; cuando tenemos energ\u00eda el\u00e9ctrica rural para que en el campo se vida mejor, o cuando tenemos gas natural para producir con costos industriales competitivos\u201d.<br \/>\nEn el cierre, el candidato del Frente CER Gustavo Mart\u00ednez salud\u00f3 una por una a las listas de candidatos provinciales de los dem\u00e1s partidos que no pudieron participar del debate.<br \/>\n\u201cEn segundo lugar, quiero pedir a los chaque\u00f1os que nos den una oportunidad. Sabemos lo que hay que hacer, tenemos la capacidad para construir equipos con todos y liderar el proceso de ordenamiento y cambio que necesita la provincia del Chaco\u201d, afirm\u00f3.<br \/>\nApunt\u00f3 a la necesidad de \u201crecuperar la cultura del trabajo, terminar la cultura de los vivos y los punteros del gobierno, trabajar en post-desarrollo con valores, con inteligencia, apostando a los chaque\u00f1os&#8221;.<br \/>\nPor \u00faltimo, Leandro Zdero expres\u00f3: \u201cQuiero dar un gracias enorme a todas las personas, los chaque\u00f1os que nos abrieron las puertas de su casa, que abrieron su coraz\u00f3n para contarnos sus valores, para trabajar juntos por los sue\u00f1os. A ese agricultor, productor, enfermero, joven, comerciante, a ese chaque\u00f1o que se va a animar a dejar la resignaci\u00f3n atr\u00e1s para convertir en esperanza\u201d.<br \/>\n\u201cQuiero decirles que tenemos una gran oportunidad\u201d, dijo el candidato de Juntos por el Cambio, y agreg\u00f3: \u201cNosotros fuimos capaces de hacer una alianza con la gente. Les pedimos que este 17 de septiembre, con coraje, con determinaci\u00f3n, con firmeza, vayan a las urnas y se den la oportunidad de dar vuelta a la p\u00e1gina, de hacer historia en el Chaco. Que en esta provincia podamos vivir mejor, con transparencia, pero fundamentalmente con optimismo, para que la salud te cure, para que la educaci\u00f3n valore al docente y te eduque, para que haya oportunidades de trabajo y para que la seguridad te cuide\u201d.<br \/>\nPara cerrar, el actual diputado dijo: \u201cMi compromiso es hacerlo con vos. Hagamos el m\u00e1ximo esfuerzo. El arma fundamental de la democracia la tiene la gente. Y vos pod\u00e9s ser protagonista de este tiempo. Vos pod\u00e9s ser protagonista del Chaco que se viene, el Chaco que lo vamos a construir juntos, junto a Silvana Schneider y el gran equipo que nos acompa\u00f1a\u201d. \u201cEstoy seguro de que se viene un nuevo Chaco, que es con todos, que es con vos, que es con cada uno de los chaque\u00f1os, porque en esta provincia nos merecemos vivir mejor\u201d, concluy\u00f3.<\/div>\n","protected":false},"excerpt":{"rendered":"<p>Desde un hotel c\u00e9ntrico de Resistencia, Capitanich, Zdero y Mart\u00ednez le hablaron a la ciudadan\u00eda previo a la elecci\u00f3n del 17 de septiembre. A qu\u00e9 apel\u00f3 y qu\u00e9 dijo cada uno. En el bloque de cierre, luego de los cuatro previstos con temas y respuestas a la ciudadan\u00eda, los candidatos a gobernador del Chaco dieron [&hellip;]<\/p>\n","protected":false},"author":1,"featured_media":26437,"comment_status":"closed","ping_status":"closed","sticky":false,"template":"","format":"standard","meta":{"footnotes":""},"categories":[6],"tags":[],"class_list":{"0":"post-26436","1":"post","2":"type-post","3":"status-publish","4":"format-standard","5":"has-post-thumbnail","7":"category-chaco"},"_links":{"self":[{"href":"https:\/\/chacosintesis.com.ar\/index.php\/wp-json\/wp\/v2\/posts\/26436","targetHints":{"allow":["GET"]}}],"collection":[{"href":"https:\/\/chacosintesis.com.ar\/index.php\/wp-json\/wp\/v2\/posts"}],"about":[{"href":"https:\/\/chacosintesis.com.ar\/index.php\/wp-json\/wp\/v2\/types\/post"}],"author":[{"embeddable":true,"href":"https:\/\/chacosintesis.com.ar\/index.php\/wp-json\/wp\/v2\/users\/1"}],"replies":[{"embeddable":true,"href":"https:\/\/chacosintesis.com.ar\/index.php\/wp-json\/wp\/v2\/comments?post=26436"}],"version-history":[{"count":0,"href":"https:\/\/chacosintesis.com.ar\/index.php\/wp-json\/wp\/v2\/posts\/26436\/revisions"}],"wp:featuredmedia":[{"embeddable":true,"href":"https:\/\/chacosintesis.com.ar\/index.php\/wp-json\/wp\/v2\/media\/26437"}],"wp:attachment":[{"href":"https:\/\/chacosintesis.com.ar\/index.php\/wp-json\/wp\/v2\/media?parent=26436"}],"wp:term":[{"taxonomy":"category","embeddable":true,"href":"https:\/\/chacosintesis.com.ar\/index.php\/wp-json\/wp\/v2\/categories?post=26436"},{"taxonomy":"post_tag","embeddable":true,"href":"https:\/\/chacosintesis.com.ar\/index.php\/wp-json\/wp\/v2\/tags?post=26436"}],"curies":[{"name":"wp","href":"https:\/\/api.w.org\/{rel}","templated":true}]}}