{"id":26434,"date":"2023-09-06T15:27:02","date_gmt":"2023-09-06T18:27:02","guid":{"rendered":"https:\/\/chacosintesis.com.ar\/?p=26434"},"modified":"2023-09-06T15:38:39","modified_gmt":"2023-09-06T18:38:39","slug":"en-chaco-hay-mas-de-300-vacunatorios-habilitados-para-iniciar-o-completar-esquemas","status":"publish","type":"post","link":"https:\/\/chacosintesis.com.ar\/index.php\/en-chaco-hay-mas-de-300-vacunatorios-habilitados-para-iniciar-o-completar-esquemas\/","title":{"rendered":"En Chaco hay m\u00e1s de 300 vacunatorios habilitados para iniciar o completar esquemas"},"content":{"rendered":"<div class=\"postie-post\">A trav\u00e9s del Departamento de Inmunizaciones se desarrollan, del 4 de septiembre al 6 de octubre, acciones intensificadas en vacunas del Calendario Nacional.<br \/>\nBajo el lema \u201cVacunas completas, el mejor regalo para toda la vida\u201d, el Ministerio de Salud P\u00fablica del Chaco, implementa, a trav\u00e9s del Departamento de Inmunizaciones, del 4 de septiembre al 6 de octubre un mes de acciones intensificadas en vacunas del Calendario Nacional. El objetivo es reforzar y ampliar las coberturas a ni\u00f1as y ni\u00f1os y personas adultas. Se aplican todas las vacunas del Calendario Nacional y anti COVID-19 en cada uno de los m\u00e1s de 300 vacunatorios habilitados de la red provincial y tambi\u00e9n mediante postas que se despliegan en territorio en las ocho regiones sanitarias del Chaco. El cronograma se llevar\u00e1 a cabo mediante estrategias orientadas hacia las siguientes poblaciones objetivo: primera semana \u201cNi\u00f1os y ni\u00f1as de 0 a 24 meses de edad\u201d; segunda semana \u201cIngreso escolar\u201d; tercera semana \u201cNi\u00f1os y ni\u00f1as de 11 a\u00f1os de edad\u201d; cuarta semana \u201cPersonas gestantes\u201d; quinta semana \u201cVacunas en el adulto y grupo de riesgo\u201d. La meta es completar esquemas de vacunaci\u00f3n en ni\u00f1os y ni\u00f1as, j\u00f3venes y adultos, personas gestantes, personas con factores de riesgo y mayores de 65 a\u00f1os. Adem\u00e1s, se busca promover la comunicaci\u00f3n y cooperaci\u00f3n entre las regiones sanitarias de la provincia e identificar localidades con bajas coberturas y planificar estrategias para recuperar esquemas de vacunaci\u00f3n como tambi\u00e9n fortalecer el registro nominal de dosis aplicadas en el territorio chaque\u00f1o. Durante la semana en curso, desde el Departamento de Inmunizaciones, se realizar\u00e1n capacitaciones sobre enfermedades prevenibles por vacunas de calendario en ni\u00f1os y ni\u00f1as menores a 24 meses dirigidas al personal docente, padres y madres, y a la comunidad en general. Tambi\u00e9n se despliegan postas de vacunaci\u00f3n en jardines maternales y guarder\u00edas y se realiza el seguimiento de pacientes con esquemas incompletos. Este viernes 8, de 11 a 14, se llevar\u00e1 a cabo una posta vacunatoria en el Jard\u00edn Maternal \u201cReto\u00f1os\u201d, ubicado en calle Santa Fe 656 de Resistencia.<\/div>\n","protected":false},"excerpt":{"rendered":"<p>A trav\u00e9s del Departamento de Inmunizaciones se desarrollan, del 4 de septiembre al 6 de octubre, acciones intensificadas en vacunas del Calendario Nacional. Bajo el lema \u201cVacunas completas, el mejor regalo para toda la vida\u201d, el Ministerio de Salud P\u00fablica del Chaco, implementa, a trav\u00e9s del Departamento de Inmunizaciones, del 4 de septiembre al 6 [&hellip;]<\/p>\n","protected":false},"author":1,"featured_media":26435,"comment_status":"closed","ping_status":"closed","sticky":false,"template":"","format":"standard","meta":{"footnotes":""},"categories":[6],"tags":[],"class_list":{"0":"post-26434","1":"post","2":"type-post","3":"status-publish","4":"format-standard","5":"has-post-thumbnail","7":"category-chaco"},"_links":{"self":[{"href":"https:\/\/chacosintesis.com.ar\/index.php\/wp-json\/wp\/v2\/posts\/26434","targetHints":{"allow":["GET"]}}],"collection":[{"href":"https:\/\/chacosintesis.com.ar\/index.php\/wp-json\/wp\/v2\/posts"}],"about":[{"href":"https:\/\/chacosintesis.com.ar\/index.php\/wp-json\/wp\/v2\/types\/post"}],"author":[{"embeddable":true,"href":"https:\/\/chacosintesis.com.ar\/index.php\/wp-json\/wp\/v2\/users\/1"}],"replies":[{"embeddable":true,"href":"https:\/\/chacosintesis.com.ar\/index.php\/wp-json\/wp\/v2\/comments?post=26434"}],"version-history":[{"count":0,"href":"https:\/\/chacosintesis.com.ar\/index.php\/wp-json\/wp\/v2\/posts\/26434\/revisions"}],"wp:featuredmedia":[{"embeddable":true,"href":"https:\/\/chacosintesis.com.ar\/index.php\/wp-json\/wp\/v2\/media\/26435"}],"wp:attachment":[{"href":"https:\/\/chacosintesis.com.ar\/index.php\/wp-json\/wp\/v2\/media?parent=26434"}],"wp:term":[{"taxonomy":"category","embeddable":true,"href":"https:\/\/chacosintesis.com.ar\/index.php\/wp-json\/wp\/v2\/categories?post=26434"},{"taxonomy":"post_tag","embeddable":true,"href":"https:\/\/chacosintesis.com.ar\/index.php\/wp-json\/wp\/v2\/tags?post=26434"}],"curies":[{"name":"wp","href":"https:\/\/api.w.org\/{rel}","templated":true}]}}