{"id":26432,"date":"2023-09-06T15:25:40","date_gmt":"2023-09-06T18:25:40","guid":{"rendered":"https:\/\/chacosintesis.com.ar\/?p=26432"},"modified":"2023-09-06T15:38:35","modified_gmt":"2023-09-06T18:38:35","slug":"se-realizara-una-consulta-publica-sobre-la-ampliacion-de-la-linea-de-alta-tension-charata-villa-angela-con-estaciones-transformadoras-en-pinedo-sylvina-y-villa-angela","status":"publish","type":"post","link":"https:\/\/chacosintesis.com.ar\/index.php\/se-realizara-una-consulta-publica-sobre-la-ampliacion-de-la-linea-de-alta-tension-charata-villa-angela-con-estaciones-transformadoras-en-pinedo-sylvina-y-villa-angela\/","title":{"rendered":"Se realizar\u00e1 una consulta p\u00fablica sobre la ampliaci\u00f3n de la l\u00ednea de alta tensi\u00f3n Charata-Villa \u00c1ngela con estaciones transformadoras en Pinedo, Sylvina y Villa \u00c1ngela"},"content":{"rendered":"<div class=\"postie-post\">El Gobierno del Chaco convoca a la poblaci\u00f3n a participar de este encuentro que se llevar\u00e1 a cabo el pr\u00f3ximo mi\u00e9rcoles desde las 17 en el Hotel Platinum de Charata. Las inscripciones se realizar\u00e1n trav\u00e9s de la web oficial minpei.chaco.gob.ar.<br \/>\nEl Gobierno del Chaco convoca a la poblaci\u00f3n a participar de la Consulta P\u00fablica sobre el estudio de Impacto Ambiental y Social del proyecto de ampliaci\u00f3n L\u00ednea de 132 KV entre Charata y Villa \u00c1ngela, adem\u00e1s de las nuevas estaciones transformadoras Villa \u00c1ngela Norte, Santa Sylvina y General Pinedo en Chaco. El encuentro, organizado a trav\u00e9s de la Subsecretar\u00eda de Energ\u00eda del Ministerio de Planificaci\u00f3n, Econom\u00eda e Infraestructura, se realizar\u00e1 el mi\u00e9rcoles 13 de septiembre a las 17, en el Hotel Platinum (G\u00fcemes 1563) de Charata.<br \/>\nLa obra permitir\u00e1 potenciar y fortalecer el sistema el\u00e9ctrico en la zona Sudoeste. La ampliaci\u00f3n ser\u00e1 de una longitud aproximada de 150 kil\u00f3metros desde la existente Estaci\u00f3n Transformadora 132\/33\/13,2 kV Charata (existente) hasta su conexi\u00f3n con la LAT 132 kV Presidencia Roque S\u00e1enz Pe\u00f1a-Villa \u00c1ngela y tres Estaciones Transformadores 132\/33\/13.2 Kv en Villa \u00c1ngela de 60 Mva, Santa Sylvina de 30 Mva y General Pinedo de 30 Mva.<br \/>\nEl proyecto, que incluye adem\u00e1s la construcci\u00f3n de estaciones transformadoras de 132\/33\/13,2 KV en General Pinedo, Santa Sylvina y Villa \u00c1ngel, ser\u00e1 financiado por la Secretar\u00eda de Energ\u00eda de la Naci\u00f3n en articulaci\u00f3n con el Consejo Federal de la Energ\u00eda El\u00e9ctrica a trav\u00e9s del Fondo Fiduciario para el transporte El\u00e9ctrico Federal (F.F.T.E.F.).<br \/>\n\u201cEsta obra de alta tensi\u00f3n forma parte del programa de reparaci\u00f3n hist\u00f3rica de la provincia que se lleva adelante desde la gesti\u00f3n del gobernador Jorge Capitanich, tendiente a fortalecer el sistema de provisi\u00f3n y distribuci\u00f3n de energ\u00eda el\u00e9ctrica a Charata, Villa \u00c1ngela, Santa Sylvina, General Pinedo y todas sus zonas aleda\u00f1as\u201d, resalt\u00f3 el subsecretario de Energ\u00eda Rodrigo Fe\u00fc.<br \/>\nParticipaci\u00f3n ciudadana: inscripciones y consultas<br \/>\nLa Consulta P\u00fablica es convocada en el marco de las Normas y Pol\u00edticas Ambiental y Social del Banco Interamericano De Desarrollo (BID), del Banco Europeo de Inversiones (BEI) y la Agencia Francesa de Desarrollo (AFD) y en los t\u00e9rminos del Contrato de Pr\u00e9stamo suscripto en el Programa Federal de Transporte de Energ\u00eda El\u00e9ctrica (PFTEE) (AR-L1354).<br \/>\nEs requisito para lograr la elegibilidad ambiental y social del proyecto, y as\u00ed el encuadre como admisibles para avanzar con la Licitaci\u00f3n P\u00fablica Internacional de las Obras. De esta forma, se realizar\u00e1 una Consulta P\u00fablica Ambiental y Social de conformidad con la NDAS 10 del BID \u201cParticipaci\u00f3n de las Partes Interesadas y Divulgaci\u00f3n de Informaci\u00f3n\u201d. \u201cEl objetivo de este espacio de debate ser\u00e1 garantizar la participaci\u00f3n de vecinos y vecinas involucrados o interesados en el proyecto, a partir del di\u00e1logo entre las partes involucradas\u201d, detall\u00f3 Fe\u00fc.<br \/>\nLas inscripciones se realizar\u00e1n trav\u00e9s de la web oficial del Ministerio de Planificaci\u00f3n, Econom\u00eda e Infraestructura (minpei.chaco.gob.ar). Para consultas, contactarse al correo electr\u00f3nico <a href=\"mailto:subsecretariaenergiachaco@gmail.com\">subsecretariaenergiachaco@gmail.com<\/a>, por mensajes de Whatsapp al 3624336372 o acercarse a la oficina de la Subsecretar\u00eda de Energ\u00eda ubicada en el segundo piso de Casa de Gobierno, oficina N\u00ba13, en el Ministerio de Planificaci\u00f3n, Econom\u00eda e Infraestructura. A su vez, la consulta ser\u00e1 transmitida en directo a trav\u00e9s del canal de YouTube del Ministerio de Planificaci\u00f3n, Econom\u00eda e Infraestructura (@min.deplanificacioneconomi2048).<\/div>\n","protected":false},"excerpt":{"rendered":"<p>El Gobierno del Chaco convoca a la poblaci\u00f3n a participar de este encuentro que se llevar\u00e1 a cabo el pr\u00f3ximo mi\u00e9rcoles desde las 17 en el Hotel Platinum de Charata. Las inscripciones se realizar\u00e1n trav\u00e9s de la web oficial minpei.chaco.gob.ar. El Gobierno del Chaco convoca a la poblaci\u00f3n a participar de la Consulta P\u00fablica sobre [&hellip;]<\/p>\n","protected":false},"author":1,"featured_media":26433,"comment_status":"closed","ping_status":"closed","sticky":false,"template":"","format":"standard","meta":{"footnotes":""},"categories":[6],"tags":[],"class_list":{"0":"post-26432","1":"post","2":"type-post","3":"status-publish","4":"format-standard","5":"has-post-thumbnail","7":"category-chaco"},"_links":{"self":[{"href":"https:\/\/chacosintesis.com.ar\/index.php\/wp-json\/wp\/v2\/posts\/26432","targetHints":{"allow":["GET"]}}],"collection":[{"href":"https:\/\/chacosintesis.com.ar\/index.php\/wp-json\/wp\/v2\/posts"}],"about":[{"href":"https:\/\/chacosintesis.com.ar\/index.php\/wp-json\/wp\/v2\/types\/post"}],"author":[{"embeddable":true,"href":"https:\/\/chacosintesis.com.ar\/index.php\/wp-json\/wp\/v2\/users\/1"}],"replies":[{"embeddable":true,"href":"https:\/\/chacosintesis.com.ar\/index.php\/wp-json\/wp\/v2\/comments?post=26432"}],"version-history":[{"count":0,"href":"https:\/\/chacosintesis.com.ar\/index.php\/wp-json\/wp\/v2\/posts\/26432\/revisions"}],"wp:featuredmedia":[{"embeddable":true,"href":"https:\/\/chacosintesis.com.ar\/index.php\/wp-json\/wp\/v2\/media\/26433"}],"wp:attachment":[{"href":"https:\/\/chacosintesis.com.ar\/index.php\/wp-json\/wp\/v2\/media?parent=26432"}],"wp:term":[{"taxonomy":"category","embeddable":true,"href":"https:\/\/chacosintesis.com.ar\/index.php\/wp-json\/wp\/v2\/categories?post=26432"},{"taxonomy":"post_tag","embeddable":true,"href":"https:\/\/chacosintesis.com.ar\/index.php\/wp-json\/wp\/v2\/tags?post=26432"}],"curies":[{"name":"wp","href":"https:\/\/api.w.org\/{rel}","templated":true}]}}