{"id":26430,"date":"2023-09-06T15:20:38","date_gmt":"2023-09-06T18:20:38","guid":{"rendered":"https:\/\/chacosintesis.com.ar\/?p=26430"},"modified":"2023-09-06T15:38:30","modified_gmt":"2023-09-06T18:38:30","slug":"esta-tarde-se-inauguran-29-cuadras-de-pavimento-en-barranqueras","status":"publish","type":"post","link":"https:\/\/chacosintesis.com.ar\/index.php\/esta-tarde-se-inauguran-29-cuadras-de-pavimento-en-barranqueras\/","title":{"rendered":"Esta tarde se inauguran 29 cuadras de pavimento en Barranqueras"},"content":{"rendered":"<div class=\"postie-post\">El gobernador Jorge Capitanich, junto a la intendenta Magda Ayala, inaugurar\u00e1n esta tarde 29 cuadras de pavimento para Barranqueras. El acto ser\u00e1 a las 17:30 en la intersecci\u00f3n de las calles Toledo y Yatay, donde se cita a los y las vecinas de la zona.<br \/>\nEsta nueva obra para la zona sur de la localidad portuaria viene a completar una parte del plan de pavimentaci\u00f3n de 290 programado junto a la Direcci\u00f3n de Vialidad Provincial. En la oportunidad tambi\u00e9n se entregar\u00e1n 29 viviendas sorteadas de manera p\u00fablica, \u201cque es una de las que m\u00e1s creci\u00f3 por estar ubicada all\u00ed nuestra pileta de nataci\u00f3n\u201d, explic\u00f3 Rodrigo Ayala Pared, secretario de Gabinete Municipal.<br \/>\nEl funcionario adelant\u00f3 que est\u00e1 prevista para el s\u00e1bado pr\u00f3ximo, con horario a confirmar, la inauguraci\u00f3n de la nueva Terminal de \u00d3mnibus.<br \/>\n\u201cEl plan de pavimentaci\u00f3n que se est\u00e1 ejecutando en Barranqueras nos permitir\u00e1 que la comunidad crezca, mejore la econom\u00eda, facilite el acceso al Puerto de Barranqueras y nos permita pensar la transformaci\u00f3n del transporte p\u00fablico, que ahora cuenta con mejores calles\u201d, coment\u00f3 Ayala Pared.<br \/>\nEn di\u00e1logo con Radio Provincia d\u00edas atr\u00e1s, la intendenta explic\u00f3 que est\u00e1n trabajando en proveer la infraestructura b\u00e1sica en seguridad, iluminaci\u00f3n, provisi\u00f3n de electrificaci\u00f3n y agua para el asentamiento de nuevos comercios y emprendimientos.<br \/>\nEn este sentido, Ayala Pared adelant\u00f3 que en el plan de gobierno para una nueva gesti\u00f3n, de ser electos, est\u00e1n trabajando en \u201cun nuevo parque industrial para emprendedores j\u00f3venes, una sala de fileteo y acopio para las familias pescadoras de la zona norte y el Mercado Central de la zona sur\u201d. Finalmente, el secretario de Gabinete adelant\u00f3 que la obra del edificio municipal estar\u00e1 concluida para el mes de noviembre.<\/div>\n","protected":false},"excerpt":{"rendered":"<p>El gobernador Jorge Capitanich, junto a la intendenta Magda Ayala, inaugurar\u00e1n esta tarde 29 cuadras de pavimento para Barranqueras. El acto ser\u00e1 a las 17:30 en la intersecci\u00f3n de las calles Toledo y Yatay, donde se cita a los y las vecinas de la zona. Esta nueva obra para la zona sur de la localidad [&hellip;]<\/p>\n","protected":false},"author":1,"featured_media":26431,"comment_status":"closed","ping_status":"closed","sticky":false,"template":"","format":"standard","meta":{"footnotes":""},"categories":[6],"tags":[],"class_list":{"0":"post-26430","1":"post","2":"type-post","3":"status-publish","4":"format-standard","5":"has-post-thumbnail","7":"category-chaco"},"_links":{"self":[{"href":"https:\/\/chacosintesis.com.ar\/index.php\/wp-json\/wp\/v2\/posts\/26430","targetHints":{"allow":["GET"]}}],"collection":[{"href":"https:\/\/chacosintesis.com.ar\/index.php\/wp-json\/wp\/v2\/posts"}],"about":[{"href":"https:\/\/chacosintesis.com.ar\/index.php\/wp-json\/wp\/v2\/types\/post"}],"author":[{"embeddable":true,"href":"https:\/\/chacosintesis.com.ar\/index.php\/wp-json\/wp\/v2\/users\/1"}],"replies":[{"embeddable":true,"href":"https:\/\/chacosintesis.com.ar\/index.php\/wp-json\/wp\/v2\/comments?post=26430"}],"version-history":[{"count":0,"href":"https:\/\/chacosintesis.com.ar\/index.php\/wp-json\/wp\/v2\/posts\/26430\/revisions"}],"wp:featuredmedia":[{"embeddable":true,"href":"https:\/\/chacosintesis.com.ar\/index.php\/wp-json\/wp\/v2\/media\/26431"}],"wp:attachment":[{"href":"https:\/\/chacosintesis.com.ar\/index.php\/wp-json\/wp\/v2\/media?parent=26430"}],"wp:term":[{"taxonomy":"category","embeddable":true,"href":"https:\/\/chacosintesis.com.ar\/index.php\/wp-json\/wp\/v2\/categories?post=26430"},{"taxonomy":"post_tag","embeddable":true,"href":"https:\/\/chacosintesis.com.ar\/index.php\/wp-json\/wp\/v2\/tags?post=26430"}],"curies":[{"name":"wp","href":"https:\/\/api.w.org\/{rel}","templated":true}]}}