{"id":26428,"date":"2023-09-06T15:19:25","date_gmt":"2023-09-06T18:19:25","guid":{"rendered":"https:\/\/chacosintesis.com.ar\/?p=26428"},"modified":"2023-09-06T15:38:25","modified_gmt":"2023-09-06T18:38:25","slug":"se-encuentra-abierta-la-inscripcion-para-asistir-a-la-audiencia-publica-del-concurso-de-jueces","status":"publish","type":"post","link":"https:\/\/chacosintesis.com.ar\/index.php\/se-encuentra-abierta-la-inscripcion-para-asistir-a-la-audiencia-publica-del-concurso-de-jueces\/","title":{"rendered":"Se encuentra abierta la inscripci\u00f3n para asistir a la audiencia p\u00fablica del concurso de jueces"},"content":{"rendered":"<div class=\"postie-post\">La audiencia p\u00fablica para determinar qui\u00e9n ocupar\u00e1 el cargo de Juez del Superior Tribunal de Justicia (STJ) se llevar\u00e1 a cabo el 21 de septiembre a las 9 en el Sal\u00f3n de Usos M\u00faltiples. Los inscriptos podr\u00e1n asistir y realizar preguntas a los aspirantes.<br \/>\nDaniel Zalazar, presidente del Consejo de la Magistratura, dialog\u00f3 con Chaco TV y explic\u00f3 c\u00f3mo avanza la recta final del concurso para ocupar el cargo de Juez del Superior Tribunal de Justicia (STJ), quien ser\u00e1 el futuro representante el doctor Rolando Toledo tras su renuncia en diciembre de 2022. Por esto, se encuentra abierta la inscripci\u00f3n para asistir a la audiencia p\u00fablica que se llevar\u00e1 a cabo el 21 de septiembre a las 9 en el Sal\u00f3n de Usos M\u00faltiples del Superior Tribunal de Justicia, en la cual se podr\u00e1 realizar preguntas a los aspirantes al cargo. Las inscripciones finalizar\u00e1n el 18.<br \/>\n\u201cPara nosotros es muy importante participar de un programa de inter\u00e9s general como este para llegar a la comunidad y comunicar este hecho importante que es la selecci\u00f3n de uno de los cinco ministros que integra el Superior Tribunal de Justicia\u201d, expres\u00f3 Zalazar. En ese sentido, destac\u00f3 esta audiencia como parte de una \u201cdemanda de transparencia\u201d creciente dentro de la sociedad chaque\u00f1a.<br \/>\nSobre las inscripciones, destac\u00f3 que las mismas se abrieron el pasado lunes 4, ascendiendo la cantidad de inscriptos a m\u00e1s de 150 en estos d\u00edas. \u201cEl inter\u00e9s es bastante manifiesto y masivo\u201d, se\u00f1al\u00f3. En este sentido, explic\u00f3 que las inscripciones posibilitan a la comunidad a presenciar de la audiencia y, en caso de querer hacerlo, de tambi\u00e9n realizar preguntas a los aspirantes y de dar sus opiniones. Por \u00faltimo, dijo que se espera una \u201cconcurrencia masiva\u201d y que se buscar\u00e1 dar lugar a todos los inscriptos si se supera la capacidad.<br \/>\nSobre los aspirantes al cargo, expres\u00f3: \u201cLos postulantes ya superaron etapas donde se eval\u00faan antecedentes y la idoneidad t\u00e9cnica a trav\u00e9s de una exposici\u00f3n o examen que rindieron frente a los miembros del Consejo de la Magistratura y donde tambi\u00e9n tuvimos la oportunidad de entrevistarlos y hacerles preguntas\u201d. Asimismo, dijo que tienen \u201crequisitos ya cumplidos\u201d por lo que solo resta realizar una evaluaci\u00f3n integral de los postulantes. Adem\u00e1s, aclar\u00f3 que, si bien en las etapas se estableci\u00f3 un puntaje, \u201cno se establece un orden de m\u00e9ritos\u201d. \u201cPara poder elegir se deben reunirse cuatro votos de los siete que integran el Consejo de la Magistratura\u201d, a\u00f1adi\u00f3.<br \/>\nPor \u00faltimo, destac\u00f3 que esta audiencia se trata de \u201cuna de las etapas m\u00e1s importantes para transparentar la selecci\u00f3n\u201d en el Poder Judicial. Asimismo, vislumbr\u00f3 que, desde la sociedad, se esperan jueces que \u201cact\u00faen r\u00e1pido\u201d y que propongan innovaciones de tecnolog\u00eda, capacitaciones de personal, mejoras del trabajo y, sobre todo, un mayor involucramiento. \u201cSin dudas que la celeridad de las causas es uno de los reclamos de la sociedad. Todo ciudadano sabe que justicia que llega tarde no es justicia, por eso lo reclama con justo derecho\u201d, concluy\u00f3.<\/div>\n","protected":false},"excerpt":{"rendered":"<p>La audiencia p\u00fablica para determinar qui\u00e9n ocupar\u00e1 el cargo de Juez del Superior Tribunal de Justicia (STJ) se llevar\u00e1 a cabo el 21 de septiembre a las 9 en el Sal\u00f3n de Usos M\u00faltiples. Los inscriptos podr\u00e1n asistir y realizar preguntas a los aspirantes. Daniel Zalazar, presidente del Consejo de la Magistratura, dialog\u00f3 con Chaco [&hellip;]<\/p>\n","protected":false},"author":1,"featured_media":26429,"comment_status":"closed","ping_status":"closed","sticky":false,"template":"","format":"standard","meta":{"footnotes":""},"categories":[6],"tags":[],"class_list":{"0":"post-26428","1":"post","2":"type-post","3":"status-publish","4":"format-standard","5":"has-post-thumbnail","7":"category-chaco"},"_links":{"self":[{"href":"https:\/\/chacosintesis.com.ar\/index.php\/wp-json\/wp\/v2\/posts\/26428","targetHints":{"allow":["GET"]}}],"collection":[{"href":"https:\/\/chacosintesis.com.ar\/index.php\/wp-json\/wp\/v2\/posts"}],"about":[{"href":"https:\/\/chacosintesis.com.ar\/index.php\/wp-json\/wp\/v2\/types\/post"}],"author":[{"embeddable":true,"href":"https:\/\/chacosintesis.com.ar\/index.php\/wp-json\/wp\/v2\/users\/1"}],"replies":[{"embeddable":true,"href":"https:\/\/chacosintesis.com.ar\/index.php\/wp-json\/wp\/v2\/comments?post=26428"}],"version-history":[{"count":0,"href":"https:\/\/chacosintesis.com.ar\/index.php\/wp-json\/wp\/v2\/posts\/26428\/revisions"}],"wp:featuredmedia":[{"embeddable":true,"href":"https:\/\/chacosintesis.com.ar\/index.php\/wp-json\/wp\/v2\/media\/26429"}],"wp:attachment":[{"href":"https:\/\/chacosintesis.com.ar\/index.php\/wp-json\/wp\/v2\/media?parent=26428"}],"wp:term":[{"taxonomy":"category","embeddable":true,"href":"https:\/\/chacosintesis.com.ar\/index.php\/wp-json\/wp\/v2\/categories?post=26428"},{"taxonomy":"post_tag","embeddable":true,"href":"https:\/\/chacosintesis.com.ar\/index.php\/wp-json\/wp\/v2\/tags?post=26428"}],"curies":[{"name":"wp","href":"https:\/\/api.w.org\/{rel}","templated":true}]}}