{"id":26422,"date":"2023-09-06T10:40:26","date_gmt":"2023-09-06T13:40:26","guid":{"rendered":"https:\/\/chacosintesis.com.ar\/?p=26422"},"modified":"2023-09-06T11:06:45","modified_gmt":"2023-09-06T14:06:45","slug":"zdero-vamos-a-dejar-atras-la-improvisacion-que-nos-deja-este-gobierno","status":"publish","type":"post","link":"https:\/\/chacosintesis.com.ar\/index.php\/zdero-vamos-a-dejar-atras-la-improvisacion-que-nos-deja-este-gobierno\/","title":{"rendered":"Zdero: &#8220;Vamos a dejar atr\u00e1s la improvisaci\u00f3n que nos deja \u00e9ste gobierno&#8221;"},"content":{"rendered":"<div class=\"postie-post\">Leandro Zdero, candidato a Gobernador por Juntos por el Cambio, present\u00f3 sus propuestas esta noche en el 2do. Debate que se realiz\u00f3 en un hotel c\u00e9ntrico de la capital chaque\u00f1a. \u201cVenimos ac\u00e1 para dejar atr\u00e1s la resignaci\u00f3n y apostar a la esperanza este 17 de septiembre. Vamos a dejar atr\u00e1s la improvisaci\u00f3n que nos deja este gobierno con un Plan Integral para jerarquizar la educaci\u00f3n, fortalecer la salud, generar trabajo, combatir la inseguridad y administrar bien los recursos de los chaque\u00f1os\u201d.<br \/>\nSobre sus propuestas, de cara a las elecciones generales, Zdero manifest\u00f3:<br \/>\n1.   Empleo y Promoci\u00f3n Social:<br \/>\n&#8211;      Reactivar la econom\u00eda con una alianza al sector productivo.<br \/>\n&#8211;      Aliviar presi\u00f3n tributaria en baja de impuestos y eliminaci\u00f3n de otros. Ej. Impuesto a la Salud P\u00fablica.<br \/>\n&#8211;       Reducci\u00f3n de impuestos a los ingresos brutos a aquellos que son generadores de empleo<br \/>\n&#8211;      Programa \u201cMi Primer Empleo\u201d (convenio entre Universidades, Escuelas de Nivel Superior y T\u00e9cnicas).<br \/>\n&#8211;      Capacitaci\u00f3n permanente (Sector p\u00fablico y privado para la formaci\u00f3n al mundo laboral).<br \/>\n&#8211;       Programa de pasant\u00edas y becas para la formaci\u00f3n de recursos humanos<br \/>\n&#8211;      Programa de reinserci\u00f3n laboral (Reconversi\u00f3n de planes sociales)<br \/>\n&#8211;      L\u00edneas de cr\u00e9ditos accesibles del Banco del Chaco y Fiduciaria del Norte.<br \/>\n&#8211;      Capacitaci\u00f3n al sector p\u00fablico y eficiencia para mejorar la atenci\u00f3n<br \/>\n&#8211;      Promoci\u00f3n social. Implementaci\u00f3n del plan social articulado provincial, desde el abordaje con acceso a la vivienda, alimentaci\u00f3n, salud y trabajo<br \/>\n&#8211;      Proyectos asociativos productivos.<br \/>\n&#8211;      Promoci\u00f3n de nuevos emprendimientos individuales y colectivos<br \/>\n&#8211;      Reducir los gastos de la pol\u00edtica.<br \/>\nEDUCACI\u00d3N<\/p>\n<p>&#8211;      Reorganizaci\u00f3n del sistema educativo.<br \/>\n&#8211;      Recomposici\u00f3n salarial con la aplicaci\u00f3n de Cl\u00e1usula Gatillo, de actualizaci\u00f3n mensual.<br \/>\n&#8211;      Titularizaci\u00f3n (Necesaria despu\u00e9s de a\u00f1os de desidia) &#8211; Posterior llamado a concurso para garantizar transparencia e igualdad de oportunidades<br \/>\n&#8211;      Convocatoria al congreso pedag\u00f3gico provincial<br \/>\n&#8211;      Capacitaci\u00f3n permanente para la formaci\u00f3n docente y la oferta educativa<br \/>\n&#8211;      Priorizaremos la escuela p\u00fablica y haremos una revisi\u00f3n sobre las escuelas de gesti\u00f3n social.<br \/>\n&#8211;      Inversi\u00f3n en infraestructura escolar con nuevos edificios, ampliaci\u00f3n y refacci\u00f3n.<br \/>\n&#8211;      Partidas de sostenimiento para establecimientos escolares<br \/>\n&#8211;      Creaci\u00f3n del sitio web oficial (ACTUALIZACI\u00d3N CURRICULAR-FORMACI\u00d3N DOCENTE-PROGRAMAS DISPONIBLES-EXPERIENCIAS EXITOSAS EN DOCENCIA)<br \/>\n&#8211;      Provisi\u00f3n de materiales convencionales como as\u00ed tambi\u00e9n dispositivos tecnolog\u00edas y conectividad adecuada.<br \/>\n&#8211;      Apoyo interdisciplinario para la atenci\u00f3n de alumnos con discapacidad en trabajo articulado con docentes<br \/>\n&#8211;      Plataforma digital que permita participaci\u00f3n activa de toda la comunidad educativa<\/p>\n<p>&#8211;      SALUD<br \/>\n&#8211;      Fortalecer el sistema sanitario provincial en su conjunto<br \/>\n&#8211;      Afianzar el sistema de atenci\u00f3n primaria<br \/>\n&#8211;      Equiparemos a hospitales cabeceras con unidades de terapias intensivas. UTI<br \/>\n&#8211;      Sistema digital de otorgamiento de turnos.<br \/>\n&#8211;      Planificaci\u00f3n en la inversi\u00f3n de insumos, medicamentos y equipamientos &#8211; reparaci\u00f3n de ambulancias.<br \/>\n&#8211;      Abordaje sistem\u00e1tico para la pol\u00edtica sanitaria provincial, articulando sector p\u00fablico-privado.<br \/>\n&#8211;      Convocatoria a profesionales y especialistas para cubrir el d\u00e9ficit de recursos humanos.<br \/>\n&#8211;      Soluci\u00f3n a la precarizaci\u00f3n laboral.<br \/>\n&#8211;      Aplicaci\u00f3n de la Carrera Sanitaria (r\u00e9gimen salarial-mecanismo de incorporaci\u00f3n &#8211; permanencia y capacitaci\u00f3n)<br \/>\n&#8211;      Dotaci\u00f3n de m\u00e9dicos en zonas desfavorables con retribuci\u00f3n y vivienda.<br \/>\n&#8211;      Aplicaci\u00f3n de ley de recuperaci\u00f3n de gastos (obras sociales).<br \/>\n&#8211;      Recuperaci\u00f3n de gastos por accidentes de tr\u00e1nsito.<br \/>\n&#8211;      Inversi\u00f3n en tecnolog\u00eda y capacitaci\u00f3n LABORATORIOS CHAQUE\u00d1OS S.A.<br \/>\n&#8211;      Implementaci\u00f3n de la Historia Cl\u00ednica Digital \u00danica.<br \/>\n&#8211;      INSSSEP &#8211; AUDITOR\u00cdA &#8211; Atenci\u00f3n \u00f3ptima a sus afiliados &#8211; Provisi\u00f3n de medicamentos, de pr\u00f3tesis como tambi\u00e9n ordenar el pago a prestadores.<\/p>\n<p>SERVICIOS P\u00daBLICOS INFRAESTRUCTURA Y VIVIENDA<br \/>\n&#8211; Optimizaci\u00f3n de servicios p\u00fablicos<br \/>\n&#8211; Auditor\u00edas de estados para SECHEEP Y SAMEEP<br \/>\n&#8211; Reducci\u00f3n de cargo espec\u00edfico variable.<br \/>\n&#8211; Culminar y repotenciar el segundo acueducto<br \/>\n&#8211; Plan integral de Obras para el desarrollo regional (Mayor conectividad\/rutas: Ej Autov\u00eda Makall\u00e9 Avia Terai Corredor Bioce\u00e1nico &#8211; 2do puente Chaco- Corrientes, entre otras)<br \/>\n&#8211;      Organizar a trav\u00e9s del desarrollo el transporte multimodal, puertos, v\u00edas y conectividad de rutas.<br \/>\n&#8211;      Impacto a la obra p\u00fablica respondiendo a la demanda de cada regi\u00f3n.<br \/>\n&#8211;      Continuidad de obras sin culminar.<br \/>\n&#8211;      Plan de manejo de cuencas h\u00eddricas.<br \/>\n&#8211;       Impulso al gasoducto.<br \/>\n&#8211;      Plan de viviendas Chaco.<br \/>\n&#8211;      Fuerte impulso de la vivienda rural.<br \/>\n&#8211;      Vivienda para sectores sociales.<br \/>\n&#8211;      Programa \u201cTu vivienda\u201d (Viviendas para empleados p\u00fablicos, docentes, emprendedores, j\u00f3venes).<br \/>\n&#8211;      Infraestructura necesaria a todos los complejos habitacionales<br \/>\n&#8211;      Incentivos con cr\u00e9ditos para la construcci\u00f3n, refacci\u00f3n y ampliaci\u00f3n de viviendas.<br \/>\n&#8211;      Plan de construcci\u00f3n, rehabilitaci\u00f3n y mantenimiento de edificios p\u00fablicos.<\/p><\/div>\n","protected":false},"excerpt":{"rendered":"<p>Leandro Zdero, candidato a Gobernador por Juntos por el Cambio, present\u00f3 sus propuestas esta noche en el 2do. Debate que se realiz\u00f3 en un hotel c\u00e9ntrico de la capital chaque\u00f1a. \u201cVenimos ac\u00e1 para dejar atr\u00e1s la resignaci\u00f3n y apostar a la esperanza este 17 de septiembre. Vamos a dejar atr\u00e1s la improvisaci\u00f3n que nos deja [&hellip;]<\/p>\n","protected":false},"author":1,"featured_media":26423,"comment_status":"closed","ping_status":"closed","sticky":false,"template":"","format":"standard","meta":{"footnotes":""},"categories":[6],"tags":[],"class_list":{"0":"post-26422","1":"post","2":"type-post","3":"status-publish","4":"format-standard","5":"has-post-thumbnail","7":"category-chaco"},"_links":{"self":[{"href":"https:\/\/chacosintesis.com.ar\/index.php\/wp-json\/wp\/v2\/posts\/26422","targetHints":{"allow":["GET"]}}],"collection":[{"href":"https:\/\/chacosintesis.com.ar\/index.php\/wp-json\/wp\/v2\/posts"}],"about":[{"href":"https:\/\/chacosintesis.com.ar\/index.php\/wp-json\/wp\/v2\/types\/post"}],"author":[{"embeddable":true,"href":"https:\/\/chacosintesis.com.ar\/index.php\/wp-json\/wp\/v2\/users\/1"}],"replies":[{"embeddable":true,"href":"https:\/\/chacosintesis.com.ar\/index.php\/wp-json\/wp\/v2\/comments?post=26422"}],"version-history":[{"count":0,"href":"https:\/\/chacosintesis.com.ar\/index.php\/wp-json\/wp\/v2\/posts\/26422\/revisions"}],"wp:featuredmedia":[{"embeddable":true,"href":"https:\/\/chacosintesis.com.ar\/index.php\/wp-json\/wp\/v2\/media\/26423"}],"wp:attachment":[{"href":"https:\/\/chacosintesis.com.ar\/index.php\/wp-json\/wp\/v2\/media?parent=26422"}],"wp:term":[{"taxonomy":"category","embeddable":true,"href":"https:\/\/chacosintesis.com.ar\/index.php\/wp-json\/wp\/v2\/categories?post=26422"},{"taxonomy":"post_tag","embeddable":true,"href":"https:\/\/chacosintesis.com.ar\/index.php\/wp-json\/wp\/v2\/tags?post=26422"}],"curies":[{"name":"wp","href":"https:\/\/api.w.org\/{rel}","templated":true}]}}